{"id":2835,"date":"2025-08-18T12:46:47","date_gmt":"2025-08-18T12:46:47","guid":{"rendered":"http:\/\/victoria.gob.ar\/es\/charla-abierta-de-la-ley-felipe-%f0%9f%8e%97%ef%b8%8f\/"},"modified":"2025-08-18T12:46:47","modified_gmt":"2025-08-18T12:46:47","slug":"charla-abierta-de-la-ley-felipe-%f0%9f%8e%97%ef%b8%8f","status":"publish","type":"post","link":"https:\/\/victoria.gob.ar\/en\/charla-abierta-de-la-ley-felipe-%f0%9f%8e%97%ef%b8%8f\/","title":{"rendered":"CHARLA ABIERTA DE LA LEY FELIPE &#x1f397;&#xfe0f;"},"content":{"rendered":"<p>\u00abCuando el dolor se convierte en lucha y la lucha en Derecho\u00bb<\/p>\n<p>El viernes, en el sal\u00f3n de sesiones del Concejo Deliberante, Danilo Bertoni, pap\u00e1 de Felipe y principal impulsor de la Ley provincial 11032, comparti\u00f3 su experiencia, narr\u00f3 el recorrido hacia la sanci\u00f3n de la norma y se\u00f1al\u00f3 la importancia de garantizar el acompa\u00f1amiento estatal a familias de ni\u00f1os, ni\u00f1as y adolescentes con c\u00e1ncer.<br \/>Pod\u00e9s leer la Ley Felipe a trav\u00e9s del siguiente enlace: <\/p>\n<p>https:\/\/www.senadoer.gob.ar\/ley\/ley-n-11032\/<\/p>\n<figure class=\"wp-block-gallery has-nested-images columns-default is-cropped wp-block-gallery-2 is-layout-flex wp-block-gallery-is-layout-flex\">\n<figure class=\"wp-block-image size-large\"><img decoding=\"async\" loading=\"lazy\" width=\"1024\" height=\"682\" data-id=\"1450\" src=\"https:\/\/victoria.gob.ar\/prensa\/wp-content\/uploads\/2025\/08\/WhatsApp-Image-2025-08-15-at-22.43.42-1-1024x682.jpeg\" alt=\"\" class=\"wp-image-1450\" \/><\/figure>\n<figure class=\"wp-block-image size-large\"><img decoding=\"async\" loading=\"lazy\" width=\"1024\" height=\"682\" data-id=\"1453\" src=\"https:\/\/victoria.gob.ar\/prensa\/wp-content\/uploads\/2025\/08\/WhatsApp-Image-2025-08-15-at-22.43.42-1024x682.jpeg\" alt=\"\" class=\"wp-image-1453\" \/><\/figure>\n<figure class=\"wp-block-image size-large\"><img decoding=\"async\" loading=\"lazy\" width=\"1024\" height=\"682\" data-id=\"1455\" src=\"https:\/\/victoria.gob.ar\/prensa\/wp-content\/uploads\/2025\/08\/WhatsApp-Image-2025-08-15-at-22.43.43-1-1024x682.jpeg\" alt=\"\" class=\"wp-image-1455\" \/><\/figure>\n<figure class=\"wp-block-image size-large\"><img decoding=\"async\" loading=\"lazy\" width=\"1024\" height=\"682\" data-id=\"1456\" src=\"https:\/\/victoria.gob.ar\/prensa\/wp-content\/uploads\/2025\/08\/WhatsApp-Image-2025-08-15-at-22.43.43-1024x682.jpeg\" alt=\"\" class=\"wp-image-1456\" \/><\/figure>\n<figure class=\"wp-block-image size-large\"><img decoding=\"async\" loading=\"lazy\" width=\"1024\" height=\"682\" data-id=\"1451\" src=\"https:\/\/victoria.gob.ar\/prensa\/wp-content\/uploads\/2025\/08\/WhatsApp-Image-2025-08-15-at-22.43.44-2-1024x682.jpeg\" alt=\"\" class=\"wp-image-1451\" \/><\/figure>\n<figure class=\"wp-block-image size-large\"><img decoding=\"async\" loading=\"lazy\" width=\"1024\" height=\"682\" data-id=\"1454\" src=\"https:\/\/victoria.gob.ar\/prensa\/wp-content\/uploads\/2025\/08\/WhatsApp-Image-2025-08-15-at-22.43.44-1-1024x682.jpeg\" alt=\"\" class=\"wp-image-1454\" \/><\/figure>\n<figure class=\"wp-block-image size-large\"><img decoding=\"async\" loading=\"lazy\" width=\"1024\" height=\"682\" data-id=\"1452\" src=\"https:\/\/victoria.gob.ar\/prensa\/wp-content\/uploads\/2025\/08\/WhatsApp-Image-2025-08-15-at-22.43.44-1024x682.jpeg\" alt=\"\" class=\"wp-image-1452\" \/><\/figure>\n<\/figure>\n<blockquote class=\"instagram-media\" data-instgrm-permalink=\"https:\/\/www.instagram.com\/reel\/DNdWbjMR330\/?utm_source=ig_embed&amp;utm_campaign=loading\" data-instgrm-version=\"14\">\n<div> <a href=\"https:\/\/www.instagram.com\/reel\/DNdWbjMR330\/?utm_source=ig_embed&amp;utm_campaign=loading\" target=\"_blank\"> \n<div>\n<div><\/div>\n<div>\n<div><\/div>\n<div><\/div>\n<\/div>\n<\/div>\n<div><\/div>\n<div><\/div>\n<div>\n<div>Ver esta publicaci\u00f3n en Instagram<\/div>\n<\/div>\n<div><\/div>\n<div>\n<div>\n<div><\/div>\n<div><\/div>\n<div><\/div>\n<\/div>\n<div>\n<div><\/div>\n<div><\/div>\n<\/div>\n<div>\n<div><\/div>\n<div><\/div>\n<div><\/div>\n<\/div>\n<\/div>\n<div>\n<div><\/div>\n<div><\/div>\n<\/div>\n<p><\/p><\/a>\n<p><a href=\"https:\/\/www.instagram.com\/reel\/DNdWbjMR330\/?utm_source=ig_embed&amp;utm_campaign=loading\" target=\"_blank\">Una publicaci\u00f3n compartida de Municipalidad de Victoria (@victoria.gob.ar)<\/a><\/p>\n<\/div>\n<\/blockquote>","protected":false},"excerpt":{"rendered":"<p>\u00abCuando el dolor se convierte en lucha y la lucha en Derecho\u00bb El viernes, en el sal\u00f3n de sesiones del Concejo Deliberante, Danilo Bertoni, pap\u00e1 de Felipe y principal impulsor de la Ley provincial 11032, comparti\u00f3 su experiencia, narr\u00f3 el recorrido hacia la sanci\u00f3n de la norma y se\u00f1al\u00f3 la importancia de garantizar el acompa\u00f1amiento&hellip;&nbsp;<a href=\"https:\/\/victoria.gob.ar\/en\/charla-abierta-de-la-ley-felipe-%f0%9f%8e%97%ef%b8%8f\/\" rel=\"bookmark\"><span class=\"screen-reader-text\">CHARLA ABIERTA DE LA LEY FELIPE &#x1f397;&#xfe0f;<\/span><\/a><\/p>","protected":false},"author":2,"featured_media":2836,"comment_status":"open","ping_status":"open","sticky":false,"template":"","format":"standard","meta":{"neve_meta_sidebar":"","neve_meta_container":"","neve_meta_enable_content_width":"","neve_meta_content_width":0,"neve_meta_title_alignment":"","neve_meta_author_avatar":"","neve_post_elements_order":"","neve_meta_disable_header":"","neve_meta_disable_footer":"","neve_meta_disable_title":"","footnotes":""},"categories":[1],"tags":[],"class_list":["post-2835","post","type-post","status-publish","format-standard","has-post-thumbnail","hentry","category-sin-categoria"],"_links":{"self":[{"href":"https:\/\/victoria.gob.ar\/en\/wp-json\/wp\/v2\/posts\/2835","targetHints":{"allow":["GET"]}}],"collection":[{"href":"https:\/\/victoria.gob.ar\/en\/wp-json\/wp\/v2\/posts"}],"about":[{"href":"https:\/\/victoria.gob.ar\/en\/wp-json\/wp\/v2\/types\/post"}],"author":[{"embeddable":true,"href":"https:\/\/victoria.gob.ar\/en\/wp-json\/wp\/v2\/users\/2"}],"replies":[{"embeddable":true,"href":"https:\/\/victoria.gob.ar\/en\/wp-json\/wp\/v2\/comments?post=2835"}],"version-history":[{"count":0,"href":"https:\/\/victoria.gob.ar\/en\/wp-json\/wp\/v2\/posts\/2835\/revisions"}],"wp:featuredmedia":[{"embeddable":true,"href":"https:\/\/victoria.gob.ar\/en\/wp-json\/wp\/v2\/media\/2836"}],"wp:attachment":[{"href":"https:\/\/victoria.gob.ar\/en\/wp-json\/wp\/v2\/media?parent=2835"}],"wp:term":[{"taxonomy":"category","embeddable":true,"href":"https:\/\/victoria.gob.ar\/en\/wp-json\/wp\/v2\/categories?post=2835"},{"taxonomy":"post_tag","embeddable":true,"href":"https:\/\/victoria.gob.ar\/en\/wp-json\/wp\/v2\/tags?post=2835"}],"curies":[{"name":"wp","href":"https:\/\/api.w.org\/{rel}","templated":true}]}}