{"id":2811,"date":"2025-08-13T01:14:33","date_gmt":"2025-08-13T01:14:33","guid":{"rendered":"http:\/\/victoria.gob.ar\/es\/clinica-taller-de-percusion-y-samba-%f0%9f%8e%ad\/"},"modified":"2025-08-13T01:14:33","modified_gmt":"2025-08-13T01:14:33","slug":"clinica-taller-de-percusion-y-samba-%f0%9f%8e%ad","status":"publish","type":"post","link":"https:\/\/victoria.gob.ar\/en\/clinica-taller-de-percusion-y-samba-%f0%9f%8e%ad\/","title":{"rendered":"CL\u00cdNICA-TALLER DE PERCUSI\u00d3N Y SAMBA &#x1f3ad;"},"content":{"rendered":"<p>Desde el \u00c1rea de Carnaval, seguimos fortaleciendo nuestras expresiones art\u00edsticas con un espacio pensado para ritmistas con experiencia.<\/p>\n<p>Con la gu\u00eda de Mauro David Andrada, trabajamos sobre percusi\u00f3n, samba, batucada y sus derivados, en cuatro encuentros a lo largo del a\u00f1o.<\/p>\n<p>Pr\u00f3xima fecha: 4 de octubre, de 14:00 a 17:00 h, en el Play\u00f3n de la Vieja Estaci\u00f3n.<\/p>\n<p>\u00a1Que el ritmo del carnaval siga vivo todo el a\u00f1o!<\/p>\n<blockquote class=\"instagram-media\" data-instgrm-permalink=\"https:\/\/www.instagram.com\/reel\/DNO14TgBZlQ\/?utm_source=ig_embed&amp;utm_campaign=loading\" data-instgrm-version=\"14\">\n<div> <a href=\"https:\/\/www.instagram.com\/reel\/DNO14TgBZlQ\/?utm_source=ig_embed&amp;utm_campaign=loading\" target=\"_blank\"> \n<div>\n<div><\/div>\n<div>\n<div><\/div>\n<div><\/div>\n<\/div>\n<\/div>\n<div><\/div>\n<div><\/div>\n<div>\n<div>Ver esta publicaci\u00f3n en Instagram<\/div>\n<\/div>\n<div><\/div>\n<div>\n<div>\n<div><\/div>\n<div><\/div>\n<div><\/div>\n<\/div>\n<div>\n<div><\/div>\n<div><\/div>\n<\/div>\n<div>\n<div><\/div>\n<div><\/div>\n<div><\/div>\n<\/div>\n<\/div>\n<div>\n<div><\/div>\n<div><\/div>\n<\/div>\n<p><\/p><\/a>\n<p><a href=\"https:\/\/www.instagram.com\/reel\/DNO14TgBZlQ\/?utm_source=ig_embed&amp;utm_campaign=loading\" target=\"_blank\">Una publicaci\u00f3n compartida de Municipalidad de Victoria (@victoria.gob.ar)<\/a><\/p>\n<\/div>\n<\/blockquote>","protected":false},"excerpt":{"rendered":"<p>Desde el \u00c1rea de Carnaval, seguimos fortaleciendo nuestras expresiones art\u00edsticas con un espacio pensado para ritmistas con experiencia. Con la gu\u00eda de Mauro David Andrada, trabajamos sobre percusi\u00f3n, samba, batucada y sus derivados, en cuatro encuentros a lo largo del a\u00f1o. Pr\u00f3xima fecha: 4 de octubre, de 14:00 a 17:00 h, en el Play\u00f3n de&hellip;&nbsp;<a href=\"https:\/\/victoria.gob.ar\/en\/clinica-taller-de-percusion-y-samba-%f0%9f%8e%ad\/\" rel=\"bookmark\"><span class=\"screen-reader-text\">CL\u00cdNICA-TALLER DE PERCUSI\u00d3N Y SAMBA &#x1f3ad;<\/span><\/a><\/p>","protected":false},"author":2,"featured_media":1778,"comment_status":"open","ping_status":"open","sticky":false,"template":"","format":"standard","meta":{"neve_meta_sidebar":"","neve_meta_container":"","neve_meta_enable_content_width":"","neve_meta_content_width":0,"neve_meta_title_alignment":"","neve_meta_author_avatar":"","neve_post_elements_order":"","neve_meta_disable_header":"","neve_meta_disable_footer":"","neve_meta_disable_title":"","footnotes":""},"categories":[1],"tags":[],"class_list":["post-2811","post","type-post","status-publish","format-standard","has-post-thumbnail","hentry","category-sin-categoria"],"_links":{"self":[{"href":"https:\/\/victoria.gob.ar\/en\/wp-json\/wp\/v2\/posts\/2811","targetHints":{"allow":["GET"]}}],"collection":[{"href":"https:\/\/victoria.gob.ar\/en\/wp-json\/wp\/v2\/posts"}],"about":[{"href":"https:\/\/victoria.gob.ar\/en\/wp-json\/wp\/v2\/types\/post"}],"author":[{"embeddable":true,"href":"https:\/\/victoria.gob.ar\/en\/wp-json\/wp\/v2\/users\/2"}],"replies":[{"embeddable":true,"href":"https:\/\/victoria.gob.ar\/en\/wp-json\/wp\/v2\/comments?post=2811"}],"version-history":[{"count":0,"href":"https:\/\/victoria.gob.ar\/en\/wp-json\/wp\/v2\/posts\/2811\/revisions"}],"wp:featuredmedia":[{"embeddable":true,"href":"https:\/\/victoria.gob.ar\/en\/wp-json\/wp\/v2\/media\/1778"}],"wp:attachment":[{"href":"https:\/\/victoria.gob.ar\/en\/wp-json\/wp\/v2\/media?parent=2811"}],"wp:term":[{"taxonomy":"category","embeddable":true,"href":"https:\/\/victoria.gob.ar\/en\/wp-json\/wp\/v2\/categories?post=2811"},{"taxonomy":"post_tag","embeddable":true,"href":"https:\/\/victoria.gob.ar\/en\/wp-json\/wp\/v2\/tags?post=2811"}],"curies":[{"name":"wp","href":"https:\/\/api.w.org\/{rel}","templated":true}]}}