{"id":2809,"date":"2025-08-13T01:16:31","date_gmt":"2025-08-13T01:16:31","guid":{"rendered":"http:\/\/victoria.gob.ar\/es\/la-municipalidad-de-victoria-informa-a-la-comunidad-que-con-el-fin-de-realizar-tareas-de-mantenimiento-en-las-unidades-y-optimizar-el-servicio-momentaneamente-no-funcionara-la-linea-unica-de-los-sab\/"},"modified":"2025-08-13T01:16:31","modified_gmt":"2025-08-13T01:16:31","slug":"la-municipalidad-de-victoria-informa-a-la-comunidad-que-con-el-fin-de-realizar-tareas-de-mantenimiento-en-las-unidades-y-optimizar-el-servicio-momentaneamente-no-funcionara-la-linea-unica-de-los-sab","status":"publish","type":"post","link":"https:\/\/victoria.gob.ar\/en\/la-municipalidad-de-victoria-informa-a-la-comunidad-que-con-el-fin-de-realizar-tareas-de-mantenimiento-en-las-unidades-y-optimizar-el-servicio-momentaneamente-no-funcionara-la-linea-unica-de-los-sab\/","title":{"rendered":"La Municipalidad de Victoria informa a la comunidad que, con el fin de realizar tareas de mantenimiento en las unidades y optimizar el servicio, moment\u00e1neamente no funcionar\u00e1 la l\u00ednea \u00fanica de los s\u00e1bados por la tarde del Transporte Urbano Municipal."},"content":{"rendered":"<p>En este sentido, los horarios ser\u00e1n los siguientes:<\/p>\n<ul class=\"wp-block-list\">\n<li>Lunes a viernes: de 06:00 a 14:00 h y de 15:00 a 21:00 h.<\/li>\n<li>S\u00e1bados: ambas l\u00edneas, de 07:00 a 13:00 h.<\/li>\n<\/ul>\n<figure class=\"wp-block-image size-large\"><img loading=\"lazy\" decoding=\"async\" width=\"819\" height=\"1024\" src=\"https:\/\/victoria.gob.ar\/prensa\/wp-content\/uploads\/2025\/08\/WhatsApp-Image-2025-08-12-at-14.58.29-819x1024.jpeg\" alt=\"\" class=\"wp-image-1443\" \/><\/figure>","protected":false},"excerpt":{"rendered":"<p>En este sentido, los horarios ser\u00e1n los siguientes: Lunes a viernes: de 06:00 a 14:00 h y de 15:00 a 21:00 h. S\u00e1bados: ambas l\u00edneas, de 07:00 a 13:00 h.<\/p>","protected":false},"author":2,"featured_media":2810,"comment_status":"open","ping_status":"open","sticky":false,"template":"","format":"standard","meta":{"neve_meta_sidebar":"","neve_meta_container":"","neve_meta_enable_content_width":"","neve_meta_content_width":0,"neve_meta_title_alignment":"","neve_meta_author_avatar":"","neve_post_elements_order":"","neve_meta_disable_header":"","neve_meta_disable_footer":"","neve_meta_disable_title":"","footnotes":""},"categories":[1],"tags":[],"class_list":["post-2809","post","type-post","status-publish","format-standard","has-post-thumbnail","hentry","category-sin-categoria"],"_links":{"self":[{"href":"https:\/\/victoria.gob.ar\/en\/wp-json\/wp\/v2\/posts\/2809","targetHints":{"allow":["GET"]}}],"collection":[{"href":"https:\/\/victoria.gob.ar\/en\/wp-json\/wp\/v2\/posts"}],"about":[{"href":"https:\/\/victoria.gob.ar\/en\/wp-json\/wp\/v2\/types\/post"}],"author":[{"embeddable":true,"href":"https:\/\/victoria.gob.ar\/en\/wp-json\/wp\/v2\/users\/2"}],"replies":[{"embeddable":true,"href":"https:\/\/victoria.gob.ar\/en\/wp-json\/wp\/v2\/comments?post=2809"}],"version-history":[{"count":0,"href":"https:\/\/victoria.gob.ar\/en\/wp-json\/wp\/v2\/posts\/2809\/revisions"}],"wp:featuredmedia":[{"embeddable":true,"href":"https:\/\/victoria.gob.ar\/en\/wp-json\/wp\/v2\/media\/2810"}],"wp:attachment":[{"href":"https:\/\/victoria.gob.ar\/en\/wp-json\/wp\/v2\/media?parent=2809"}],"wp:term":[{"taxonomy":"category","embeddable":true,"href":"https:\/\/victoria.gob.ar\/en\/wp-json\/wp\/v2\/categories?post=2809"},{"taxonomy":"post_tag","embeddable":true,"href":"https:\/\/victoria.gob.ar\/en\/wp-json\/wp\/v2\/tags?post=2809"}],"curies":[{"name":"wp","href":"https:\/\/api.w.org\/{rel}","templated":true}]}}