{"id":2799,"date":"2025-08-11T11:18:06","date_gmt":"2025-08-11T11:18:06","guid":{"rendered":"http:\/\/victoria.gob.ar\/es\/jornada-oftalmologica-en-victoria\/"},"modified":"2025-08-11T11:18:06","modified_gmt":"2025-08-11T11:18:06","slug":"jornada-oftalmologica-en-victoria","status":"publish","type":"post","link":"https:\/\/victoria.gob.ar\/en\/jornada-oftalmologica-en-victoria\/","title":{"rendered":"JORNADA OFTALMOL\u00d3GICA EN VICTORIA"},"content":{"rendered":"<p>Como resultado de las gestiones realizadas por la Municipalidad de Victoria, un colectivo equipado con aparatolog\u00eda oftalmol\u00f3gica estar\u00e1 en el CIC (Cochabamba y Passo).<\/p>\n<p><img decoding=\"async\" src=\"https:\/\/s.w.org\/images\/core\/emoji\/16.0.1\/72x72\/1f4c5.png\" alt=\"&#x1f4c5;\" class=\"wp-smiley\" \/> El jueves 14 de agosto, de 09:00 a 18:00 h, se realizar\u00e1n consultas oftalmol\u00f3gicas gratuitas para ni\u00f1os de entre 8 y 12 a\u00f1os con dificultad visual. Se espera atender a m\u00e1s de 200 chicos, con la posibilidad de entregar en el momento hasta 120 lentes.<\/p>\n<p>Este abordaje se realiza en articulaci\u00f3n con el Ministerio de Capital Humano, en colaboraci\u00f3n con el Hospital Dr. Ferm\u00edn Salaberry.<\/p>\n<p>Victoria, #MiCiudadQuerida <img decoding=\"async\" src=\"https:\/\/s.w.org\/images\/core\/emoji\/16.0.1\/72x72\/1fa75.png\" alt=\"&#x1fa75;\" class=\"wp-smiley\" \/><\/p>\n<figure class=\"wp-block-image size-large\"><img decoding=\"async\" loading=\"lazy\" width=\"819\" height=\"1024\" src=\"https:\/\/victoria.gob.ar\/prensa\/wp-content\/uploads\/2025\/08\/WhatsApp-Image-2025-08-08-at-14.17.28-1-819x1024.jpeg\" alt=\"\" class=\"wp-image-1407\" \/><\/figure>","protected":false},"excerpt":{"rendered":"<p>Como resultado de las gestiones realizadas por la Municipalidad de Victoria, un colectivo equipado con aparatolog\u00eda oftalmol\u00f3gica estar\u00e1 en el CIC (Cochabamba y Passo). El jueves 14 de agosto, de 09:00 a 18:00 h, se realizar\u00e1n consultas oftalmol\u00f3gicas gratuitas para ni\u00f1os de entre 8 y 12 a\u00f1os con dificultad visual. Se espera atender a m\u00e1s&hellip;&nbsp;<a href=\"https:\/\/victoria.gob.ar\/en\/jornada-oftalmologica-en-victoria\/\" rel=\"bookmark\"><span class=\"screen-reader-text\">JORNADA OFTALMOL\u00d3GICA EN VICTORIA<\/span><\/a><\/p>","protected":false},"author":2,"featured_media":2800,"comment_status":"open","ping_status":"open","sticky":false,"template":"","format":"standard","meta":{"neve_meta_sidebar":"","neve_meta_container":"","neve_meta_enable_content_width":"","neve_meta_content_width":0,"neve_meta_title_alignment":"","neve_meta_author_avatar":"","neve_post_elements_order":"","neve_meta_disable_header":"","neve_meta_disable_footer":"","neve_meta_disable_title":"","footnotes":""},"categories":[1],"tags":[],"class_list":["post-2799","post","type-post","status-publish","format-standard","has-post-thumbnail","hentry","category-sin-categoria"],"_links":{"self":[{"href":"https:\/\/victoria.gob.ar\/en\/wp-json\/wp\/v2\/posts\/2799","targetHints":{"allow":["GET"]}}],"collection":[{"href":"https:\/\/victoria.gob.ar\/en\/wp-json\/wp\/v2\/posts"}],"about":[{"href":"https:\/\/victoria.gob.ar\/en\/wp-json\/wp\/v2\/types\/post"}],"author":[{"embeddable":true,"href":"https:\/\/victoria.gob.ar\/en\/wp-json\/wp\/v2\/users\/2"}],"replies":[{"embeddable":true,"href":"https:\/\/victoria.gob.ar\/en\/wp-json\/wp\/v2\/comments?post=2799"}],"version-history":[{"count":0,"href":"https:\/\/victoria.gob.ar\/en\/wp-json\/wp\/v2\/posts\/2799\/revisions"}],"wp:featuredmedia":[{"embeddable":true,"href":"https:\/\/victoria.gob.ar\/en\/wp-json\/wp\/v2\/media\/2800"}],"wp:attachment":[{"href":"https:\/\/victoria.gob.ar\/en\/wp-json\/wp\/v2\/media?parent=2799"}],"wp:term":[{"taxonomy":"category","embeddable":true,"href":"https:\/\/victoria.gob.ar\/en\/wp-json\/wp\/v2\/categories?post=2799"},{"taxonomy":"post_tag","embeddable":true,"href":"https:\/\/victoria.gob.ar\/en\/wp-json\/wp\/v2\/tags?post=2799"}],"curies":[{"name":"wp","href":"https:\/\/api.w.org\/{rel}","templated":true}]}}