{"id":2797,"date":"2025-08-11T11:21:33","date_gmt":"2025-08-11T11:21:33","guid":{"rendered":"http:\/\/victoria.gob.ar\/es\/te-mostramos-alguna-de-las-tareas-que-la-municipalidad-de-victoria-lleva-adelante-desde-la-direccion-de-planeamiento-en-los-talleres-municipales\/"},"modified":"2025-08-11T11:21:33","modified_gmt":"2025-08-11T11:21:33","slug":"te-mostramos-alguna-de-las-tareas-que-la-municipalidad-de-victoria-lleva-adelante-desde-la-direccion-de-planeamiento-en-los-talleres-municipales","status":"publish","type":"post","link":"https:\/\/victoria.gob.ar\/en\/te-mostramos-alguna-de-las-tareas-que-la-municipalidad-de-victoria-lleva-adelante-desde-la-direccion-de-planeamiento-en-los-talleres-municipales\/","title":{"rendered":"Te mostramos alguna de las tareas que la Municipalidad de Victoria lleva adelante desde la Direcci\u00f3n de Planeamiento en los Talleres Municipales."},"content":{"rendered":"<p>Se realizan trabajos de soldadura, de alba\u00f1iler\u00eda, de carpinter\u00eda, entre otros, para la puesta en valor de nuestros espacios p\u00fablicos.<br \/><img decoding=\"async\" src=\"https:\/\/s.w.org\/images\/core\/emoji\/16.0.1\/72x72\/1fa75.png\" alt=\"&#x1fa75;\" class=\"wp-smiley\" \/> <img decoding=\"async\" src=\"https:\/\/s.w.org\/images\/core\/emoji\/16.0.1\/72x72\/1f6e0.png\" alt=\"&#x1f6e0;\" class=\"wp-smiley\" \/><img decoding=\"async\" src=\"https:\/\/s.w.org\/images\/core\/emoji\/16.0.1\/72x72\/1fa8f.png\" alt=\"&#x1fa8f;\" class=\"wp-smiley\" \/><img decoding=\"async\" src=\"https:\/\/s.w.org\/images\/core\/emoji\/16.0.1\/72x72\/1fa9a.png\" alt=\"&#x1fa9a;\" class=\"wp-smiley\" \/><img decoding=\"async\" src=\"https:\/\/s.w.org\/images\/core\/emoji\/16.0.1\/72x72\/1fa9c.png\" alt=\"&#x1fa9c;\" class=\"wp-smiley\" \/><\/p>\n<p>Victoria, #MiCiudadQuerida <img decoding=\"async\" src=\"https:\/\/s.w.org\/images\/core\/emoji\/16.0.1\/72x72\/1fa75.png\" alt=\"&#x1fa75;\" class=\"wp-smiley\" \/><\/p>\n<figure class=\"wp-block-gallery has-nested-images columns-default is-cropped wp-block-gallery-2 is-layout-flex wp-block-gallery-is-layout-flex\">\n<figure class=\"wp-block-image size-large\"><img decoding=\"async\" loading=\"lazy\" width=\"1024\" height=\"768\" data-id=\"1414\" src=\"https:\/\/victoria.gob.ar\/prensa\/wp-content\/uploads\/2025\/08\/WhatsApp-Image-2025-08-08-at-20.21.28-1-1024x768.jpeg\" alt=\"\" class=\"wp-image-1414\" \/><\/figure>\n<figure class=\"wp-block-image size-large\"><img decoding=\"async\" loading=\"lazy\" width=\"1024\" height=\"768\" data-id=\"1415\" src=\"https:\/\/victoria.gob.ar\/prensa\/wp-content\/uploads\/2025\/08\/WhatsApp-Image-2025-08-08-at-20.21.28-1024x768.jpeg\" alt=\"\" class=\"wp-image-1415\" \/><\/figure>\n<figure class=\"wp-block-image size-large\"><img decoding=\"async\" loading=\"lazy\" width=\"1024\" height=\"804\" data-id=\"1411\" src=\"https:\/\/victoria.gob.ar\/prensa\/wp-content\/uploads\/2025\/08\/WhatsApp-Image-2025-08-08-at-20.21.27-3-1024x804.jpeg\" alt=\"\" class=\"wp-image-1411\" \/><\/figure>\n<figure class=\"wp-block-image size-large\"><img decoding=\"async\" loading=\"lazy\" width=\"1024\" height=\"768\" data-id=\"1413\" src=\"https:\/\/victoria.gob.ar\/prensa\/wp-content\/uploads\/2025\/08\/WhatsApp-Image-2025-08-08-at-20.21.27-2-1024x768.jpeg\" alt=\"\" class=\"wp-image-1413\" \/><\/figure>\n<figure class=\"wp-block-image size-large\"><img decoding=\"async\" loading=\"lazy\" width=\"1024\" height=\"768\" data-id=\"1412\" src=\"https:\/\/victoria.gob.ar\/prensa\/wp-content\/uploads\/2025\/08\/WhatsApp-Image-2025-08-08-at-20.21.27-1-1024x768.jpeg\" alt=\"\" class=\"wp-image-1412\" \/><\/figure>\n<figure class=\"wp-block-image size-large\"><img decoding=\"async\" loading=\"lazy\" width=\"1024\" height=\"768\" data-id=\"1410\" src=\"https:\/\/victoria.gob.ar\/prensa\/wp-content\/uploads\/2025\/08\/WhatsApp-Image-2025-08-08-at-20.21.27-1024x768.jpeg\" alt=\"\" class=\"wp-image-1410\" \/><\/figure>\n<\/figure>","protected":false},"excerpt":{"rendered":"<p>Se realizan trabajos de soldadura, de alba\u00f1iler\u00eda, de carpinter\u00eda, entre otros, para la puesta en valor de nuestros espacios p\u00fablicos. Victoria, #MiCiudadQuerida<\/p>","protected":false},"author":2,"featured_media":2798,"comment_status":"open","ping_status":"open","sticky":false,"template":"","format":"standard","meta":{"neve_meta_sidebar":"","neve_meta_container":"","neve_meta_enable_content_width":"","neve_meta_content_width":0,"neve_meta_title_alignment":"","neve_meta_author_avatar":"","neve_post_elements_order":"","neve_meta_disable_header":"","neve_meta_disable_footer":"","neve_meta_disable_title":"","footnotes":""},"categories":[1],"tags":[],"class_list":["post-2797","post","type-post","status-publish","format-standard","has-post-thumbnail","hentry","category-sin-categoria"],"_links":{"self":[{"href":"https:\/\/victoria.gob.ar\/en\/wp-json\/wp\/v2\/posts\/2797","targetHints":{"allow":["GET"]}}],"collection":[{"href":"https:\/\/victoria.gob.ar\/en\/wp-json\/wp\/v2\/posts"}],"about":[{"href":"https:\/\/victoria.gob.ar\/en\/wp-json\/wp\/v2\/types\/post"}],"author":[{"embeddable":true,"href":"https:\/\/victoria.gob.ar\/en\/wp-json\/wp\/v2\/users\/2"}],"replies":[{"embeddable":true,"href":"https:\/\/victoria.gob.ar\/en\/wp-json\/wp\/v2\/comments?post=2797"}],"version-history":[{"count":0,"href":"https:\/\/victoria.gob.ar\/en\/wp-json\/wp\/v2\/posts\/2797\/revisions"}],"wp:featuredmedia":[{"embeddable":true,"href":"https:\/\/victoria.gob.ar\/en\/wp-json\/wp\/v2\/media\/2798"}],"wp:attachment":[{"href":"https:\/\/victoria.gob.ar\/en\/wp-json\/wp\/v2\/media?parent=2797"}],"wp:term":[{"taxonomy":"category","embeddable":true,"href":"https:\/\/victoria.gob.ar\/en\/wp-json\/wp\/v2\/categories?post=2797"},{"taxonomy":"post_tag","embeddable":true,"href":"https:\/\/victoria.gob.ar\/en\/wp-json\/wp\/v2\/tags?post=2797"}],"curies":[{"name":"wp","href":"https:\/\/api.w.org\/{rel}","templated":true}]}}