{"id":2768,"date":"2025-08-05T13:10:12","date_gmt":"2025-08-05T13:10:12","guid":{"rendered":"http:\/\/victoria.gob.ar\/es\/charla-abierta-ley-felipe\/"},"modified":"2025-08-05T13:10:12","modified_gmt":"2025-08-05T13:10:12","slug":"charla-abierta-ley-felipe","status":"publish","type":"post","link":"https:\/\/victoria.gob.ar\/en\/charla-abierta-ley-felipe\/","title":{"rendered":"CHARLA ABIERTA \u2013 LEY FELIPE"},"content":{"rendered":"<p>\u00abCuando el dolor se convierte en lucha y la lucha en Derecho\u00bb<\/p>\n<p><img decoding=\"async\" src=\"https:\/\/s.w.org\/images\/core\/emoji\/16.0.1\/72x72\/1f4c5.png\" alt=\"&#x1f4c5;\" class=\"wp-smiley\" \/> Viernes 15 de agosto de 2025<br \/><img decoding=\"async\" src=\"https:\/\/s.w.org\/images\/core\/emoji\/16.0.1\/72x72\/1f556.png\" alt=\"&#x1f556;\" class=\"wp-smiley\" \/> 19:00 h<br \/><img decoding=\"async\" src=\"https:\/\/s.w.org\/images\/core\/emoji\/16.0.1\/72x72\/1f4cd.png\" alt=\"&#x1f4cd;\" class=\"wp-smiley\" \/> Sal\u00f3n de Sesiones del Concejo Deliberante \u2013 Victoria, Entre R\u00edos<\/p>\n<p>Con la presencia de Danilo Bertoni, pap\u00e1 de Felipe y principal impulsor de la Ley 11032 de Entre R\u00edos.<\/p>\n<p>Una historia real que moviliz\u00f3 a toda una provincia y transform\u00f3 el dolor en una herramienta de cambio.<\/p>\n<p>Danilo compartir\u00e1 su testimonio, el recorrido hacia la sanci\u00f3n de la ley y la importancia de garantizar el acompa\u00f1amiento estatal a familias de ni\u00f1os, ni\u00f1as y adolescentes con c\u00e1ncer.<\/p>\n<p>Entrada libre y gratuita.<\/p>","protected":false},"excerpt":{"rendered":"<p>\u00abCuando el dolor se convierte en lucha y la lucha en Derecho\u00bb Viernes 15 de agosto de 2025 19:00 h Sal\u00f3n de Sesiones del Concejo Deliberante \u2013 Victoria, Entre R\u00edos Con la presencia de Danilo Bertoni, pap\u00e1 de Felipe y principal impulsor de la Ley 11032 de Entre R\u00edos. Una historia real que moviliz\u00f3 a&hellip;&nbsp;<a href=\"https:\/\/victoria.gob.ar\/en\/charla-abierta-ley-felipe\/\" rel=\"bookmark\"><span class=\"screen-reader-text\">CHARLA ABIERTA \u2013 LEY FELIPE<\/span><\/a><\/p>","protected":false},"author":2,"featured_media":1778,"comment_status":"open","ping_status":"open","sticky":false,"template":"","format":"standard","meta":{"neve_meta_sidebar":"","neve_meta_container":"","neve_meta_enable_content_width":"","neve_meta_content_width":0,"neve_meta_title_alignment":"","neve_meta_author_avatar":"","neve_post_elements_order":"","neve_meta_disable_header":"","neve_meta_disable_footer":"","neve_meta_disable_title":"","footnotes":""},"categories":[1],"tags":[],"class_list":["post-2768","post","type-post","status-publish","format-standard","has-post-thumbnail","hentry","category-sin-categoria"],"_links":{"self":[{"href":"https:\/\/victoria.gob.ar\/en\/wp-json\/wp\/v2\/posts\/2768","targetHints":{"allow":["GET"]}}],"collection":[{"href":"https:\/\/victoria.gob.ar\/en\/wp-json\/wp\/v2\/posts"}],"about":[{"href":"https:\/\/victoria.gob.ar\/en\/wp-json\/wp\/v2\/types\/post"}],"author":[{"embeddable":true,"href":"https:\/\/victoria.gob.ar\/en\/wp-json\/wp\/v2\/users\/2"}],"replies":[{"embeddable":true,"href":"https:\/\/victoria.gob.ar\/en\/wp-json\/wp\/v2\/comments?post=2768"}],"version-history":[{"count":0,"href":"https:\/\/victoria.gob.ar\/en\/wp-json\/wp\/v2\/posts\/2768\/revisions"}],"wp:featuredmedia":[{"embeddable":true,"href":"https:\/\/victoria.gob.ar\/en\/wp-json\/wp\/v2\/media\/1778"}],"wp:attachment":[{"href":"https:\/\/victoria.gob.ar\/en\/wp-json\/wp\/v2\/media?parent=2768"}],"wp:term":[{"taxonomy":"category","embeddable":true,"href":"https:\/\/victoria.gob.ar\/en\/wp-json\/wp\/v2\/categories?post=2768"},{"taxonomy":"post_tag","embeddable":true,"href":"https:\/\/victoria.gob.ar\/en\/wp-json\/wp\/v2\/tags?post=2768"}],"curies":[{"name":"wp","href":"https:\/\/api.w.org\/{rel}","templated":true}]}}