{"id":2767,"date":"2025-08-05T13:15:21","date_gmt":"2025-08-05T13:15:21","guid":{"rendered":"http:\/\/victoria.gob.ar\/es\/avanzamos-con-las-obras-de-sanchez-matharan\/"},"modified":"2025-08-05T13:15:21","modified_gmt":"2025-08-05T13:15:21","slug":"avanzamos-con-las-obras-de-sanchez-matharan","status":"publish","type":"post","link":"https:\/\/victoria.gob.ar\/en\/avanzamos-con-las-obras-de-sanchez-matharan\/","title":{"rendered":"AVANZAMOS CON LAS OBRAS DE S\u00c1NCHEZ MATHAR\u00c1N"},"content":{"rendered":"<p>Estamos trabajando en el entubamiento del desag\u00fce paralelo a la calle, en la mano norte. Esta obra es posible gracias al esfuerzo conjunto entre la Municipalidad de Victoria y los vecinos, quienes aportaron los materiales necesarios.<\/p>\n<p>La intervenci\u00f3n se da luego de haber rectificado el desag\u00fce de la mano sur, logrando que el escurrimiento principal de la zona se canalice por all\u00ed. Ahora, este tramo solo recibe los aportes de una cuenca menor, lo que permite avanzar con este entubamiento y mejorar definitivamente el drenaje.<\/p>\n<p>Seguimos trabajando en soluciones concretas, optimizando recursos y sumando el compromiso de la comunidad.<\/p>\n<p>Victoria, #MiCiudadQuerida <img decoding=\"async\" src=\"https:\/\/s.w.org\/images\/core\/emoji\/16.0.1\/72x72\/1fa75.png\" alt=\"&#x1fa75;\" class=\"wp-smiley\" \/><\/p>\n<blockquote class=\"instagram-media\" data-instgrm-permalink=\"https:\/\/www.instagram.com\/reel\/DM-QKUxRkwz\/?utm_source=ig_embed&amp;utm_campaign=loading\" data-instgrm-version=\"14\">\n<div> <a href=\"https:\/\/www.instagram.com\/reel\/DM-QKUxRkwz\/?utm_source=ig_embed&amp;utm_campaign=loading\" target=\"_blank\"> \n<div>\n<div><\/div>\n<div>\n<div><\/div>\n<div><\/div>\n<\/div>\n<\/div>\n<div><\/div>\n<div><\/div>\n<div>\n<div>Ver esta publicaci\u00f3n en Instagram<\/div>\n<\/div>\n<div><\/div>\n<div>\n<div>\n<div><\/div>\n<div><\/div>\n<div><\/div>\n<\/div>\n<div>\n<div><\/div>\n<div><\/div>\n<\/div>\n<div>\n<div><\/div>\n<div><\/div>\n<div><\/div>\n<\/div>\n<\/div>\n<div>\n<div><\/div>\n<div><\/div>\n<\/div>\n<p><\/p><\/a>\n<p><a href=\"https:\/\/www.instagram.com\/reel\/DM-QKUxRkwz\/?utm_source=ig_embed&amp;utm_campaign=loading\" target=\"_blank\">Una publicaci\u00f3n compartida de Municipalidad de Victoria (@victoria.gob.ar)<\/a><\/p>\n<\/div>\n<\/blockquote>","protected":false},"excerpt":{"rendered":"<p>Estamos trabajando en el entubamiento del desag\u00fce paralelo a la calle, en la mano norte. Esta obra es posible gracias al esfuerzo conjunto entre la Municipalidad de Victoria y los vecinos, quienes aportaron los materiales necesarios. La intervenci\u00f3n se da luego de haber rectificado el desag\u00fce de la mano sur, logrando que el escurrimiento principal&hellip;&nbsp;<a href=\"https:\/\/victoria.gob.ar\/en\/avanzamos-con-las-obras-de-sanchez-matharan\/\" rel=\"bookmark\"><span class=\"screen-reader-text\">AVANZAMOS CON LAS OBRAS DE S\u00c1NCHEZ MATHAR\u00c1N<\/span><\/a><\/p>","protected":false},"author":2,"featured_media":1778,"comment_status":"open","ping_status":"open","sticky":false,"template":"","format":"standard","meta":{"neve_meta_sidebar":"","neve_meta_container":"","neve_meta_enable_content_width":"","neve_meta_content_width":0,"neve_meta_title_alignment":"","neve_meta_author_avatar":"","neve_post_elements_order":"","neve_meta_disable_header":"","neve_meta_disable_footer":"","neve_meta_disable_title":"","footnotes":""},"categories":[1],"tags":[],"class_list":["post-2767","post","type-post","status-publish","format-standard","has-post-thumbnail","hentry","category-sin-categoria"],"_links":{"self":[{"href":"https:\/\/victoria.gob.ar\/en\/wp-json\/wp\/v2\/posts\/2767","targetHints":{"allow":["GET"]}}],"collection":[{"href":"https:\/\/victoria.gob.ar\/en\/wp-json\/wp\/v2\/posts"}],"about":[{"href":"https:\/\/victoria.gob.ar\/en\/wp-json\/wp\/v2\/types\/post"}],"author":[{"embeddable":true,"href":"https:\/\/victoria.gob.ar\/en\/wp-json\/wp\/v2\/users\/2"}],"replies":[{"embeddable":true,"href":"https:\/\/victoria.gob.ar\/en\/wp-json\/wp\/v2\/comments?post=2767"}],"version-history":[{"count":0,"href":"https:\/\/victoria.gob.ar\/en\/wp-json\/wp\/v2\/posts\/2767\/revisions"}],"wp:featuredmedia":[{"embeddable":true,"href":"https:\/\/victoria.gob.ar\/en\/wp-json\/wp\/v2\/media\/1778"}],"wp:attachment":[{"href":"https:\/\/victoria.gob.ar\/en\/wp-json\/wp\/v2\/media?parent=2767"}],"wp:term":[{"taxonomy":"category","embeddable":true,"href":"https:\/\/victoria.gob.ar\/en\/wp-json\/wp\/v2\/categories?post=2767"},{"taxonomy":"post_tag","embeddable":true,"href":"https:\/\/victoria.gob.ar\/en\/wp-json\/wp\/v2\/tags?post=2767"}],"curies":[{"name":"wp","href":"https:\/\/api.w.org\/{rel}","templated":true}]}}