{"id":2749,"date":"2025-08-04T13:00:37","date_gmt":"2025-08-04T13:00:37","guid":{"rendered":"http:\/\/victoria.gob.ar\/es\/taller-de-creacion-de-carteleria-en-madera\/"},"modified":"2025-08-04T13:00:37","modified_gmt":"2025-08-04T13:00:37","slug":"taller-de-creacion-de-carteleria-en-madera","status":"publish","type":"post","link":"https:\/\/victoria.gob.ar\/en\/taller-de-creacion-de-carteleria-en-madera\/","title":{"rendered":"TALLER DE CREACI\u00d3N DE CARTELER\u00cdA EN MADERA"},"content":{"rendered":"<p>Sumate a este taller de capacitaci\u00f3n pr\u00e1ctico y gratuito donde aprenderemos a crear carteler\u00eda en madera, implementando juntos el Plan de Manejo de la Reserva de Usos M\u00faltiples Humedales e Islas Victoria.<\/p>\n<p><img decoding=\"async\" src=\"https:\/\/s.w.org\/images\/core\/emoji\/16.0.1\/72x72\/1f5d3.png\" alt=\"&#x1f5d3;\" class=\"wp-smiley\" \/> Fecha: S\u00e1bado 9 de agosto<br \/><img decoding=\"async\" src=\"https:\/\/s.w.org\/images\/core\/emoji\/16.0.1\/72x72\/23f0.png\" alt=\"&#x23f0;\" class=\"wp-smiley\" \/> Horario: 09:30 a 16:30 h<br \/><img decoding=\"async\" src=\"https:\/\/s.w.org\/images\/core\/emoji\/16.0.1\/72x72\/1f4cd.png\" alt=\"&#x1f4cd;\" class=\"wp-smiley\" \/> Lugar: Escuela N\u00b0 26 Leandro N. Alem (Segunda Secci\u00f3n Islas, Paraje Charig\u00fc\u00e9, Islas Victoria)<\/p>\n<p><img decoding=\"async\" src=\"https:\/\/s.w.org\/images\/core\/emoji\/16.0.1\/72x72\/1f539.png\" alt=\"&#x1f539;\" class=\"wp-smiley\" \/> Destinado a p\u00fablico adulto<br \/><img decoding=\"async\" src=\"https:\/\/s.w.org\/images\/core\/emoji\/16.0.1\/72x72\/1f539.png\" alt=\"&#x1f539;\" class=\"wp-smiley\" \/> Cupos limitados<\/p>\n<p>Inscripciones:<br \/><img decoding=\"async\" src=\"https:\/\/s.w.org\/images\/core\/emoji\/16.0.1\/72x72\/1f4e7.png\" alt=\"&#x1f4e7;\" class=\"wp-smiley\" \/> direcciondeambiente@victoria.gob.ar<br \/><img decoding=\"async\" src=\"https:\/\/s.w.org\/images\/core\/emoji\/16.0.1\/72x72\/1f4f1.png\" alt=\"&#x1f4f1;\" class=\"wp-smiley\" \/> WhatsApp: 3436 497029<\/p>","protected":false},"excerpt":{"rendered":"<p>Sumate a este taller de capacitaci\u00f3n pr\u00e1ctico y gratuito donde aprenderemos a crear carteler\u00eda en madera, implementando juntos el Plan de Manejo de la Reserva de Usos M\u00faltiples Humedales e Islas Victoria. Fecha: S\u00e1bado 9 de agosto Horario: 09:30 a 16:30 h Lugar: Escuela N\u00b0 26 Leandro N. Alem (Segunda Secci\u00f3n Islas, Paraje Charig\u00fc\u00e9, Islas&hellip;&nbsp;<a href=\"https:\/\/victoria.gob.ar\/en\/taller-de-creacion-de-carteleria-en-madera\/\" rel=\"bookmark\"><span class=\"screen-reader-text\">TALLER DE CREACI\u00d3N DE CARTELER\u00cdA EN MADERA<\/span><\/a><\/p>","protected":false},"author":2,"featured_media":1778,"comment_status":"open","ping_status":"open","sticky":false,"template":"","format":"standard","meta":{"neve_meta_sidebar":"","neve_meta_container":"","neve_meta_enable_content_width":"","neve_meta_content_width":0,"neve_meta_title_alignment":"","neve_meta_author_avatar":"","neve_post_elements_order":"","neve_meta_disable_header":"","neve_meta_disable_footer":"","neve_meta_disable_title":"","footnotes":""},"categories":[1],"tags":[],"class_list":["post-2749","post","type-post","status-publish","format-standard","has-post-thumbnail","hentry","category-sin-categoria"],"_links":{"self":[{"href":"https:\/\/victoria.gob.ar\/en\/wp-json\/wp\/v2\/posts\/2749","targetHints":{"allow":["GET"]}}],"collection":[{"href":"https:\/\/victoria.gob.ar\/en\/wp-json\/wp\/v2\/posts"}],"about":[{"href":"https:\/\/victoria.gob.ar\/en\/wp-json\/wp\/v2\/types\/post"}],"author":[{"embeddable":true,"href":"https:\/\/victoria.gob.ar\/en\/wp-json\/wp\/v2\/users\/2"}],"replies":[{"embeddable":true,"href":"https:\/\/victoria.gob.ar\/en\/wp-json\/wp\/v2\/comments?post=2749"}],"version-history":[{"count":0,"href":"https:\/\/victoria.gob.ar\/en\/wp-json\/wp\/v2\/posts\/2749\/revisions"}],"wp:featuredmedia":[{"embeddable":true,"href":"https:\/\/victoria.gob.ar\/en\/wp-json\/wp\/v2\/media\/1778"}],"wp:attachment":[{"href":"https:\/\/victoria.gob.ar\/en\/wp-json\/wp\/v2\/media?parent=2749"}],"wp:term":[{"taxonomy":"category","embeddable":true,"href":"https:\/\/victoria.gob.ar\/en\/wp-json\/wp\/v2\/categories?post=2749"},{"taxonomy":"post_tag","embeddable":true,"href":"https:\/\/victoria.gob.ar\/en\/wp-json\/wp\/v2\/tags?post=2749"}],"curies":[{"name":"wp","href":"https:\/\/api.w.org\/{rel}","templated":true}]}}