{"id":2423,"date":"2025-07-18T14:29:53","date_gmt":"2025-07-18T14:29:53","guid":{"rendered":"http:\/\/victoria.gob.ar\/es\/puesta-en-valor-de-los-espacios-publicos\/"},"modified":"2025-07-18T14:29:53","modified_gmt":"2025-07-18T14:29:53","slug":"puesta-en-valor-de-los-espacios-publicos","status":"publish","type":"post","link":"https:\/\/victoria.gob.ar\/en\/puesta-en-valor-de-los-espacios-publicos\/","title":{"rendered":"PUESTA EN VALOR DE LOS ESPACIOS P\u00daBLICOS"},"content":{"rendered":"<p>Desde la Direcci\u00f3n de Planeamiento se contin\u00faa trabajando en la recuperaci\u00f3n de nuestros parques y plazas.<\/p>\n<p>En esta oportunidad, te mostramos las tareas que se realizaron en la Plaza Bicentenario del Barrio Arenal.<\/p>\n<p>Arreglos e incorporaci\u00f3n de nuevos juegos infantiles, colocaci\u00f3n de nuevo mobiliario urbano, trabajos de poda, recambio de luminarias deficientes por nuevos artefactos Leds, construcci\u00f3n de una nueva garita de colectivos con vereda de hormig\u00f3n, trabajos de pintura, entre otros.<\/p>\n<p>\u00a1Esperamos que todos puedan disfrutar y cuidar de este espacio de nuestra querida ciudad! <img decoding=\"async\" src=\"https:\/\/s.w.org\/images\/core\/emoji\/16.0.1\/72x72\/1fa75.png\" alt=\"&#x1fa75;\" class=\"wp-smiley\" \/><\/p>\n<div class=\"wp-block-columns is-layout-flex wp-container-core-columns-is-layout-9d6595d7 wp-block-columns-is-layout-flex\">\n<div class=\"wp-block-column is-layout-flow wp-block-column-is-layout-flow\">\n<figure class=\"wp-block-gallery has-nested-images columns-default is-cropped wp-block-gallery-2 is-layout-flex wp-block-gallery-is-layout-flex\">\n<figure class=\"wp-block-image size-large\"><img decoding=\"async\" loading=\"lazy\" width=\"1024\" height=\"1024\" data-id=\"1305\" src=\"https:\/\/victoria.gob.ar\/prensa\/wp-content\/uploads\/2025\/07\/WhatsApp-Image-2025-07-16-at-21.24.10-1-1024x1024.jpeg\" alt=\"\" class=\"wp-image-1305\" \/><\/figure>\n<figure class=\"wp-block-image size-large\"><img decoding=\"async\" loading=\"lazy\" width=\"1024\" height=\"1024\" data-id=\"1301\" src=\"https:\/\/victoria.gob.ar\/prensa\/wp-content\/uploads\/2025\/07\/WhatsApp-Image-2025-07-16-at-21.24.09-2-1024x1024.jpeg\" alt=\"\" class=\"wp-image-1301\" \/><\/figure>\n<figure class=\"wp-block-image size-large\"><img decoding=\"async\" loading=\"lazy\" width=\"1024\" height=\"1024\" data-id=\"1302\" src=\"https:\/\/victoria.gob.ar\/prensa\/wp-content\/uploads\/2025\/07\/WhatsApp-Image-2025-07-16-at-21.24.09-1024x1024.jpeg\" alt=\"\" class=\"wp-image-1302\" \/><\/figure>\n<figure class=\"wp-block-image size-large\"><img decoding=\"async\" loading=\"lazy\" width=\"1024\" height=\"1024\" data-id=\"1303\" src=\"https:\/\/victoria.gob.ar\/prensa\/wp-content\/uploads\/2025\/07\/WhatsApp-Image-2025-07-16-at-21.24.07-1024x1024.jpeg\" alt=\"\" class=\"wp-image-1303\" \/><\/figure>\n<figure class=\"wp-block-image size-large\"><img decoding=\"async\" loading=\"lazy\" width=\"1024\" height=\"1024\" data-id=\"1304\" src=\"https:\/\/victoria.gob.ar\/prensa\/wp-content\/uploads\/2025\/07\/WhatsApp-Image-2025-07-16-at-21.24.06-1024x1024.jpeg\" alt=\"\" class=\"wp-image-1304\" \/><\/figure>\n<\/figure>\n<\/div>\n<div class=\"wp-block-column is-layout-flow wp-block-column-is-layout-flow\">\n<figure class=\"wp-block-gallery has-nested-images columns-default is-cropped wp-block-gallery-3 is-layout-flex wp-block-gallery-is-layout-flex\">\n<figure class=\"wp-block-image size-large\"><img decoding=\"async\" loading=\"lazy\" width=\"1024\" height=\"1024\" data-id=\"1313\" src=\"https:\/\/victoria.gob.ar\/prensa\/wp-content\/uploads\/2025\/07\/WhatsApp-Image-2025-07-16-at-21.24.11-1-1024x1024.jpeg\" alt=\"\" class=\"wp-image-1313\" \/><\/figure>\n<figure class=\"wp-block-image size-large\"><img decoding=\"async\" loading=\"lazy\" width=\"1024\" height=\"1024\" data-id=\"1315\" src=\"https:\/\/victoria.gob.ar\/prensa\/wp-content\/uploads\/2025\/07\/WhatsApp-Image-2025-07-16-at-21.24.10-2-1-1024x1024.jpeg\" alt=\"\" class=\"wp-image-1315\" \/><\/figure>\n<figure class=\"wp-block-image size-large\"><img decoding=\"async\" loading=\"lazy\" width=\"1024\" height=\"1024\" data-id=\"1318\" src=\"https:\/\/victoria.gob.ar\/prensa\/wp-content\/uploads\/2025\/07\/WhatsApp-Image-2025-07-16-at-21.24.10-3-1024x1024.jpeg\" alt=\"\" class=\"wp-image-1318\" \/><\/figure>\n<figure class=\"wp-block-image size-large\"><img decoding=\"async\" loading=\"lazy\" width=\"1024\" height=\"1024\" data-id=\"1312\" src=\"https:\/\/victoria.gob.ar\/prensa\/wp-content\/uploads\/2025\/07\/WhatsApp-Image-2025-07-16-at-21.24.09-1-1-1024x1024.jpeg\" alt=\"\" class=\"wp-image-1312\" \/><\/figure>\n<figure class=\"wp-block-image size-large\"><img decoding=\"async\" loading=\"lazy\" width=\"1024\" height=\"1024\" data-id=\"1314\" src=\"https:\/\/victoria.gob.ar\/prensa\/wp-content\/uploads\/2025\/07\/WhatsApp-Image-2025-07-16-at-21.24.08-1-1024x1024.jpeg\" alt=\"\" class=\"wp-image-1314\" \/><\/figure>\n<figure class=\"wp-block-image size-large\"><img decoding=\"async\" loading=\"lazy\" width=\"1024\" height=\"1024\" data-id=\"1317\" src=\"https:\/\/victoria.gob.ar\/prensa\/wp-content\/uploads\/2025\/07\/WhatsApp-Image-2025-07-16-at-21.24.06-1-1024x1024.jpeg\" alt=\"\" class=\"wp-image-1317\" \/><\/figure>\n<figure class=\"wp-block-image size-large\"><img decoding=\"async\" loading=\"lazy\" width=\"1024\" height=\"1024\" data-id=\"1316\" src=\"https:\/\/victoria.gob.ar\/prensa\/wp-content\/uploads\/2025\/07\/WhatsApp-Image-2025-07-16-at-21.24.05-1-1024x1024.jpeg\" alt=\"\" class=\"wp-image-1316\" \/><\/figure>\n<\/figure>\n<\/div>\n<\/div>","protected":false},"excerpt":{"rendered":"<p>Desde la Direcci\u00f3n de Planeamiento se contin\u00faa trabajando en la recuperaci\u00f3n de nuestros parques y plazas. En esta oportunidad, te mostramos las tareas que se realizaron en la Plaza Bicentenario del Barrio Arenal. Arreglos e incorporaci\u00f3n de nuevos juegos infantiles, colocaci\u00f3n de nuevo mobiliario urbano, trabajos de poda, recambio de luminarias deficientes por nuevos artefactos&hellip;&nbsp;<a href=\"https:\/\/victoria.gob.ar\/en\/puesta-en-valor-de-los-espacios-publicos\/\" rel=\"bookmark\"><span class=\"screen-reader-text\">PUESTA EN VALOR DE LOS ESPACIOS P\u00daBLICOS<\/span><\/a><\/p>","protected":false},"author":2,"featured_media":2424,"comment_status":"open","ping_status":"open","sticky":false,"template":"","format":"standard","meta":{"neve_meta_sidebar":"","neve_meta_container":"","neve_meta_enable_content_width":"","neve_meta_content_width":0,"neve_meta_title_alignment":"","neve_meta_author_avatar":"","neve_post_elements_order":"","neve_meta_disable_header":"","neve_meta_disable_footer":"","neve_meta_disable_title":"","footnotes":""},"categories":[1],"tags":[],"class_list":["post-2423","post","type-post","status-publish","format-standard","has-post-thumbnail","hentry","category-sin-categoria"],"_links":{"self":[{"href":"https:\/\/victoria.gob.ar\/en\/wp-json\/wp\/v2\/posts\/2423","targetHints":{"allow":["GET"]}}],"collection":[{"href":"https:\/\/victoria.gob.ar\/en\/wp-json\/wp\/v2\/posts"}],"about":[{"href":"https:\/\/victoria.gob.ar\/en\/wp-json\/wp\/v2\/types\/post"}],"author":[{"embeddable":true,"href":"https:\/\/victoria.gob.ar\/en\/wp-json\/wp\/v2\/users\/2"}],"replies":[{"embeddable":true,"href":"https:\/\/victoria.gob.ar\/en\/wp-json\/wp\/v2\/comments?post=2423"}],"version-history":[{"count":0,"href":"https:\/\/victoria.gob.ar\/en\/wp-json\/wp\/v2\/posts\/2423\/revisions"}],"wp:featuredmedia":[{"embeddable":true,"href":"https:\/\/victoria.gob.ar\/en\/wp-json\/wp\/v2\/media\/2424"}],"wp:attachment":[{"href":"https:\/\/victoria.gob.ar\/en\/wp-json\/wp\/v2\/media?parent=2423"}],"wp:term":[{"taxonomy":"category","embeddable":true,"href":"https:\/\/victoria.gob.ar\/en\/wp-json\/wp\/v2\/categories?post=2423"},{"taxonomy":"post_tag","embeddable":true,"href":"https:\/\/victoria.gob.ar\/en\/wp-json\/wp\/v2\/tags?post=2423"}],"curies":[{"name":"wp","href":"https:\/\/api.w.org\/{rel}","templated":true}]}}