{"id":2421,"date":"2025-07-18T15:07:26","date_gmt":"2025-07-18T15:07:26","guid":{"rendered":"http:\/\/victoria.gob.ar\/es\/se-realizo-la-primera-jornada-del-taller-de-crochet-%f0%9f%a7%b6\/"},"modified":"2025-07-18T15:07:26","modified_gmt":"2025-07-18T15:07:26","slug":"se-realizo-la-primera-jornada-del-taller-de-crochet-%f0%9f%a7%b6","status":"publish","type":"post","link":"https:\/\/victoria.gob.ar\/en\/se-realizo-la-primera-jornada-del-taller-de-crochet-%f0%9f%a7%b6\/","title":{"rendered":"SE REALIZ\u00d3 LA PRIMERA JORNADA DEL TALLER DE CROCHET &#x1f9f6;"},"content":{"rendered":"<p>El primer encuentro del Taller de Crochet fue un \u00e9xito. J\u00f3venes y adultos compartieron ayer una tarde distinta, aprendiendo una t\u00e9cnica que invita a crear con las manos, relajarse en el proceso y disfrutar del resultado.<\/p>\n<p><img decoding=\"async\" src=\"https:\/\/s.w.org\/images\/core\/emoji\/16.0.1\/72x72\/1f4cd.png\" alt=\"&#x1f4cd;\" class=\"wp-smiley\" \/> En el SUM del Cine Teatro Victoria se gener\u00f3 un espacio ameno donde se comparti\u00f3 conocimiento y alegr\u00eda.<\/p>\n<p>Esta iniciativa gratuita incluye materiales y est\u00e1 pensada para quienes quieran iniciarse en el mundo del crochet <img decoding=\"async\" src=\"https:\/\/s.w.org\/images\/core\/emoji\/16.0.1\/72x72\/1f9f5.png\" alt=\"&#x1f9f5;\" class=\"wp-smiley\" \/>.<\/p>\n<p>Sumate al taller el pr\u00f3ximo mi\u00e9rcoles 23 de julio, de 15:00 a 17:00 h, en Alem 64.<\/p>\n<p>Victoria, #MiCiudadQuerida <img decoding=\"async\" src=\"https:\/\/s.w.org\/images\/core\/emoji\/16.0.1\/72x72\/1fa75.png\" alt=\"&#x1fa75;\" class=\"wp-smiley\" \/><\/p>\n<figure class=\"wp-block-gallery has-nested-images columns-default is-cropped wp-block-gallery-1 is-layout-flex wp-block-gallery-is-layout-flex\">\n<figure class=\"wp-block-image size-large\"><img loading=\"lazy\" decoding=\"async\" width=\"1024\" height=\"682\" data-id=\"1322\" src=\"https:\/\/victoria.gob.ar\/prensa\/wp-content\/uploads\/2025\/07\/WhatsApp-Image-2025-07-17-at-13.10.00-1024x682.jpeg\" alt=\"\" class=\"wp-image-1322\" \/><\/figure>\n<figure class=\"wp-block-image size-large\"><img loading=\"lazy\" decoding=\"async\" width=\"1024\" height=\"682\" data-id=\"1323\" src=\"https:\/\/victoria.gob.ar\/prensa\/wp-content\/uploads\/2025\/07\/WhatsApp-Image-2025-07-17-at-13.09.59-2-1024x682.jpeg\" alt=\"\" class=\"wp-image-1323\" \/><\/figure>\n<figure class=\"wp-block-image size-large\"><img loading=\"lazy\" decoding=\"async\" width=\"1024\" height=\"683\" data-id=\"1321\" src=\"https:\/\/victoria.gob.ar\/prensa\/wp-content\/uploads\/2025\/07\/WhatsApp-Image-2025-07-17-at-13.09.59-1-1024x683.jpeg\" alt=\"\" class=\"wp-image-1321\" \/><\/figure>\n<figure class=\"wp-block-image size-large\"><img decoding=\"async\" loading=\"lazy\" width=\"1024\" height=\"682\" data-id=\"1326\" src=\"https:\/\/victoria.gob.ar\/prensa\/wp-content\/uploads\/2025\/07\/WhatsApp-Image-2025-07-17-at-13.09.59-1024x682.jpeg\" alt=\"\" class=\"wp-image-1326\" \/><\/figure>\n<figure class=\"wp-block-image size-large\"><img decoding=\"async\" loading=\"lazy\" width=\"1024\" height=\"682\" data-id=\"1325\" src=\"https:\/\/victoria.gob.ar\/prensa\/wp-content\/uploads\/2025\/07\/WhatsApp-Image-2025-07-17-at-13.09.58-2-1024x682.jpeg\" alt=\"\" class=\"wp-image-1325\" \/><\/figure>\n<figure class=\"wp-block-image size-large\"><img decoding=\"async\" loading=\"lazy\" width=\"1024\" height=\"682\" data-id=\"1324\" src=\"https:\/\/victoria.gob.ar\/prensa\/wp-content\/uploads\/2025\/07\/WhatsApp-Image-2025-07-17-at-13.09.58-1-1024x682.jpeg\" alt=\"\" class=\"wp-image-1324\" \/><\/figure>\n<figure class=\"wp-block-image size-large\"><img decoding=\"async\" loading=\"lazy\" width=\"1024\" height=\"682\" data-id=\"1329\" src=\"https:\/\/victoria.gob.ar\/prensa\/wp-content\/uploads\/2025\/07\/WhatsApp-Image-2025-07-17-at-13.09.58-1024x682.jpeg\" alt=\"\" class=\"wp-image-1329\" \/><\/figure>\n<figure class=\"wp-block-image size-large\"><img decoding=\"async\" loading=\"lazy\" width=\"1024\" height=\"682\" data-id=\"1328\" src=\"https:\/\/victoria.gob.ar\/prensa\/wp-content\/uploads\/2025\/07\/WhatsApp-Image-2025-07-17-at-13.09.57-1-1024x682.jpeg\" alt=\"\" class=\"wp-image-1328\" \/><\/figure>\n<figure class=\"wp-block-image size-large\"><img decoding=\"async\" loading=\"lazy\" width=\"1024\" height=\"682\" data-id=\"1327\" src=\"https:\/\/victoria.gob.ar\/prensa\/wp-content\/uploads\/2025\/07\/WhatsApp-Image-2025-07-17-at-13.09.57-1024x682.jpeg\" alt=\"\" class=\"wp-image-1327\" \/><\/figure>\n<figure class=\"wp-block-image size-large\"><img decoding=\"async\" loading=\"lazy\" width=\"1024\" height=\"682\" data-id=\"1330\" src=\"https:\/\/victoria.gob.ar\/prensa\/wp-content\/uploads\/2025\/07\/WhatsApp-Image-2025-07-17-at-13.09.56-1-1024x682.jpeg\" alt=\"\" class=\"wp-image-1330\" \/><\/figure>\n<figure class=\"wp-block-image size-large\"><img decoding=\"async\" loading=\"lazy\" width=\"1024\" height=\"682\" data-id=\"1331\" src=\"https:\/\/victoria.gob.ar\/prensa\/wp-content\/uploads\/2025\/07\/WhatsApp-Image-2025-07-17-at-13.09.56-1024x682.jpeg\" alt=\"\" class=\"wp-image-1331\" \/><\/figure>\n<figure class=\"wp-block-image size-large\"><img decoding=\"async\" loading=\"lazy\" width=\"1024\" height=\"682\" data-id=\"1332\" src=\"https:\/\/victoria.gob.ar\/prensa\/wp-content\/uploads\/2025\/07\/WhatsApp-Image-2025-07-17-at-13.09.55-1024x682.jpeg\" alt=\"\" class=\"wp-image-1332\" \/><\/figure>\n<\/figure>","protected":false},"excerpt":{"rendered":"<p>El primer encuentro del Taller de Crochet fue un \u00e9xito. J\u00f3venes y adultos compartieron ayer una tarde distinta, aprendiendo una t\u00e9cnica que invita a crear con las manos, relajarse en el proceso y disfrutar del resultado. En el SUM del Cine Teatro Victoria se gener\u00f3 un espacio ameno donde se comparti\u00f3 conocimiento y alegr\u00eda. Esta&hellip;&nbsp;<a href=\"https:\/\/victoria.gob.ar\/en\/se-realizo-la-primera-jornada-del-taller-de-crochet-%f0%9f%a7%b6\/\" rel=\"bookmark\"><span class=\"screen-reader-text\">SE REALIZ\u00d3 LA PRIMERA JORNADA DEL TALLER DE CROCHET &#x1f9f6;<\/span><\/a><\/p>","protected":false},"author":2,"featured_media":2422,"comment_status":"open","ping_status":"open","sticky":false,"template":"","format":"standard","meta":{"neve_meta_sidebar":"","neve_meta_container":"","neve_meta_enable_content_width":"","neve_meta_content_width":0,"neve_meta_title_alignment":"","neve_meta_author_avatar":"","neve_post_elements_order":"","neve_meta_disable_header":"","neve_meta_disable_footer":"","neve_meta_disable_title":"","footnotes":""},"categories":[1],"tags":[],"class_list":["post-2421","post","type-post","status-publish","format-standard","has-post-thumbnail","hentry","category-sin-categoria"],"_links":{"self":[{"href":"https:\/\/victoria.gob.ar\/en\/wp-json\/wp\/v2\/posts\/2421","targetHints":{"allow":["GET"]}}],"collection":[{"href":"https:\/\/victoria.gob.ar\/en\/wp-json\/wp\/v2\/posts"}],"about":[{"href":"https:\/\/victoria.gob.ar\/en\/wp-json\/wp\/v2\/types\/post"}],"author":[{"embeddable":true,"href":"https:\/\/victoria.gob.ar\/en\/wp-json\/wp\/v2\/users\/2"}],"replies":[{"embeddable":true,"href":"https:\/\/victoria.gob.ar\/en\/wp-json\/wp\/v2\/comments?post=2421"}],"version-history":[{"count":0,"href":"https:\/\/victoria.gob.ar\/en\/wp-json\/wp\/v2\/posts\/2421\/revisions"}],"wp:featuredmedia":[{"embeddable":true,"href":"https:\/\/victoria.gob.ar\/en\/wp-json\/wp\/v2\/media\/2422"}],"wp:attachment":[{"href":"https:\/\/victoria.gob.ar\/en\/wp-json\/wp\/v2\/media?parent=2421"}],"wp:term":[{"taxonomy":"category","embeddable":true,"href":"https:\/\/victoria.gob.ar\/en\/wp-json\/wp\/v2\/categories?post=2421"},{"taxonomy":"post_tag","embeddable":true,"href":"https:\/\/victoria.gob.ar\/en\/wp-json\/wp\/v2\/tags?post=2421"}],"curies":[{"name":"wp","href":"https:\/\/api.w.org\/{rel}","templated":true}]}}