{"id":2381,"date":"2025-07-07T13:09:04","date_gmt":"2025-07-07T13:09:04","guid":{"rendered":"http:\/\/victoria.gob.ar\/es\/cine-gratis-en-vacaciones-de-invierno-%e2%9d%84%ef%b8%8f\/"},"modified":"2025-07-07T13:09:04","modified_gmt":"2025-07-07T13:09:04","slug":"cine-gratis-en-vacaciones-de-invierno-%e2%9d%84%ef%b8%8f","status":"publish","type":"post","link":"https:\/\/victoria.gob.ar\/en\/cine-gratis-en-vacaciones-de-invierno-%e2%9d%84%ef%b8%8f\/","title":{"rendered":"CINE GRATIS EN VACACIONES DE INVIERNO &#x2744;&#xfe0f;"},"content":{"rendered":"<p>\u00a1Ya pod\u00e9s consultar la cartelera gratuita que la Municipalidad de Victoria prepar\u00f3 para estas vacaciones! <img decoding=\"async\" src=\"https:\/\/s.w.org\/images\/core\/emoji\/15.1.0\/72x72\/1f3a5.png\" alt=\"&#x1f3a5;\" class=\"wp-smiley\" \/><\/p>\n<p><img decoding=\"async\" src=\"https:\/\/s.w.org\/images\/core\/emoji\/15.1.0\/72x72\/1f4cd.png\" alt=\"&#x1f4cd;\" class=\"wp-smiley\" \/> Cine Teatro Victoria (Alem 64).<\/p>\n<p><img decoding=\"async\" src=\"https:\/\/s.w.org\/images\/core\/emoji\/15.1.0\/72x72\/1f39f.png\" alt=\"&#x1f39f;\" class=\"wp-smiley\" \/> Las entradas se retiran el mismo d\u00eda de la funci\u00f3n, a partir de las 11:00 h, en boleter\u00eda.<\/p>\n<p><img decoding=\"async\" src=\"https:\/\/s.w.org\/images\/core\/emoji\/15.1.0\/72x72\/2705.png\" alt=\"&#x2705;\" class=\"wp-smiley\" \/> Quien retire debe ser mayor de 16 a\u00f1os.<br \/><img decoding=\"async\" src=\"https:\/\/s.w.org\/images\/core\/emoji\/15.1.0\/72x72\/1f3ab.png\" alt=\"&#x1f3ab;\" class=\"wp-smiley\" \/> M\u00e1ximo: 3 entradas por persona.<br \/><img decoding=\"async\" src=\"https:\/\/s.w.org\/images\/core\/emoji\/15.1.0\/72x72\/2139.png\" alt=\"&#x2139;\" class=\"wp-smiley\" \/> Capacidad limitada.<\/p>\n<p>\u00a1No te lo pierdas! Disfrut\u00e1 del cine en familia o con amigos, totalmente gratis. <img decoding=\"async\" src=\"https:\/\/s.w.org\/images\/core\/emoji\/15.1.0\/72x72\/1f37f.png\" alt=\"&#x1f37f;\" class=\"wp-smiley\" \/><\/p>\n<p>Victoria, #MiCiudadQuerida <img decoding=\"async\" src=\"https:\/\/s.w.org\/images\/core\/emoji\/15.1.0\/72x72\/1fa75.png\" alt=\"&#x1fa75;\" class=\"wp-smiley\" \/><\/p>\n<figure class=\"wp-block-image size-large\"><img loading=\"lazy\" decoding=\"async\" width=\"819\" height=\"1024\" src=\"https:\/\/victoria.gob.ar\/prensa\/wp-content\/uploads\/2025\/07\/18-819x1024.jpeg\" alt=\"\" class=\"wp-image-1245\" \/><\/figure>","protected":false},"excerpt":{"rendered":"<p>\u00a1Ya pod\u00e9s consultar la cartelera gratuita que la Municipalidad de Victoria prepar\u00f3 para estas vacaciones! Cine Teatro Victoria (Alem 64). Las entradas se retiran el mismo d\u00eda de la funci\u00f3n, a partir de las 11:00 h, en boleter\u00eda. Quien retire debe ser mayor de 16 a\u00f1os. M\u00e1ximo: 3 entradas por persona. Capacidad limitada. \u00a1No te&hellip;&nbsp;<a href=\"https:\/\/victoria.gob.ar\/en\/cine-gratis-en-vacaciones-de-invierno-%e2%9d%84%ef%b8%8f\/\" rel=\"bookmark\"><span class=\"screen-reader-text\">CINE GRATIS EN VACACIONES DE INVIERNO &#x2744;&#xfe0f;<\/span><\/a><\/p>","protected":false},"author":2,"featured_media":2382,"comment_status":"open","ping_status":"open","sticky":false,"template":"","format":"standard","meta":{"neve_meta_sidebar":"","neve_meta_container":"","neve_meta_enable_content_width":"","neve_meta_content_width":0,"neve_meta_title_alignment":"","neve_meta_author_avatar":"","neve_post_elements_order":"","neve_meta_disable_header":"","neve_meta_disable_footer":"","neve_meta_disable_title":"","footnotes":""},"categories":[1],"tags":[],"class_list":["post-2381","post","type-post","status-publish","format-standard","has-post-thumbnail","hentry","category-sin-categoria"],"_links":{"self":[{"href":"https:\/\/victoria.gob.ar\/en\/wp-json\/wp\/v2\/posts\/2381","targetHints":{"allow":["GET"]}}],"collection":[{"href":"https:\/\/victoria.gob.ar\/en\/wp-json\/wp\/v2\/posts"}],"about":[{"href":"https:\/\/victoria.gob.ar\/en\/wp-json\/wp\/v2\/types\/post"}],"author":[{"embeddable":true,"href":"https:\/\/victoria.gob.ar\/en\/wp-json\/wp\/v2\/users\/2"}],"replies":[{"embeddable":true,"href":"https:\/\/victoria.gob.ar\/en\/wp-json\/wp\/v2\/comments?post=2381"}],"version-history":[{"count":0,"href":"https:\/\/victoria.gob.ar\/en\/wp-json\/wp\/v2\/posts\/2381\/revisions"}],"wp:featuredmedia":[{"embeddable":true,"href":"https:\/\/victoria.gob.ar\/en\/wp-json\/wp\/v2\/media\/2382"}],"wp:attachment":[{"href":"https:\/\/victoria.gob.ar\/en\/wp-json\/wp\/v2\/media?parent=2381"}],"wp:term":[{"taxonomy":"category","embeddable":true,"href":"https:\/\/victoria.gob.ar\/en\/wp-json\/wp\/v2\/categories?post=2381"},{"taxonomy":"post_tag","embeddable":true,"href":"https:\/\/victoria.gob.ar\/en\/wp-json\/wp\/v2\/tags?post=2381"}],"curies":[{"name":"wp","href":"https:\/\/api.w.org\/{rel}","templated":true}]}}