{"id":2358,"date":"2025-06-20T16:25:17","date_gmt":"2025-06-20T16:25:17","guid":{"rendered":"http:\/\/victoria.gob.ar\/es\/becas-deportivas\/"},"modified":"2025-06-20T16:25:17","modified_gmt":"2025-06-20T16:25:17","slug":"becas-deportivas","status":"publish","type":"post","link":"https:\/\/victoria.gob.ar\/en\/becas-deportivas\/","title":{"rendered":"BECAS DEPORTIVAS"},"content":{"rendered":"<p>Detr\u00e1s de cada deportista victoriense hay sue\u00f1os, horas y horas de entrenamiento, constancia, disciplina y una familia que acompa\u00f1a.<\/p>\n<p>El jueves la Municipalidad de Victoria realiz\u00f3 el pago del bimestre junio\/julio de 16 becas deportivas municipales. Se invirti\u00f3 2.560.000 pesos en estos meses para apoyar a quienes siempre nos representan de la mejor forma. Con las becas se abarc\u00f3 disciplinas como karting, pat\u00edn, taekwondo, triatl\u00f3n, v\u00f3ley, handball, f\u00fatbol y p\u00e1del.<\/p>\n<p>Desde la gesti\u00f3n municipal, se sigue invirtiendo con orgullo en nuestra comunidad, construyendo una Victoria con m\u00e1s oportunidades para todos.<\/p>\n<p>Victoria, #MiCiudadQuerida <img decoding=\"async\" src=\"https:\/\/s.w.org\/images\/core\/emoji\/15.1.0\/72x72\/1fa75.png\" alt=\"&#x1fa75;\" class=\"wp-smiley\" \/><\/p>\n<figure class=\"wp-block-gallery has-nested-images columns-default is-cropped wp-block-gallery-1 is-layout-flex wp-block-gallery-is-layout-flex\">\n<figure class=\"wp-block-image size-large\"><img loading=\"lazy\" decoding=\"async\" width=\"1024\" height=\"682\" data-id=\"1221\" src=\"https:\/\/victoria.gob.ar\/prensa\/wp-content\/uploads\/2025\/06\/WhatsApp-Image-2025-06-20-at-08.52.46-2-1024x682.jpeg\" alt=\"\" class=\"wp-image-1221\" \/><\/figure>\n<figure class=\"wp-block-image size-large\"><img loading=\"lazy\" decoding=\"async\" width=\"1024\" height=\"682\" data-id=\"1219\" src=\"https:\/\/victoria.gob.ar\/prensa\/wp-content\/uploads\/2025\/06\/WhatsApp-Image-2025-06-20-at-08.52.46-1-1024x682.jpeg\" alt=\"\" class=\"wp-image-1219\" \/><\/figure>\n<figure class=\"wp-block-image size-large\"><img loading=\"lazy\" decoding=\"async\" width=\"1024\" height=\"682\" data-id=\"1220\" src=\"https:\/\/victoria.gob.ar\/prensa\/wp-content\/uploads\/2025\/06\/WhatsApp-Image-2025-06-20-at-08.52.46-1024x682.jpeg\" alt=\"\" class=\"wp-image-1220\" \/><\/figure>\n<figure class=\"wp-block-image size-large\"><img decoding=\"async\" loading=\"lazy\" width=\"1024\" height=\"682\" data-id=\"1222\" src=\"https:\/\/victoria.gob.ar\/prensa\/wp-content\/uploads\/2025\/06\/WhatsApp-Image-2025-06-20-at-08.52.45-1-1024x682.jpeg\" alt=\"\" class=\"wp-image-1222\" \/><\/figure>\n<figure class=\"wp-block-image size-large\"><img decoding=\"async\" loading=\"lazy\" width=\"1024\" height=\"682\" data-id=\"1218\" src=\"https:\/\/victoria.gob.ar\/prensa\/wp-content\/uploads\/2025\/06\/WhatsApp-Image-2025-06-20-at-08.52.45-1024x682.jpeg\" alt=\"\" class=\"wp-image-1218\" \/><\/figure>\n<figure class=\"wp-block-image size-large\"><img decoding=\"async\" loading=\"lazy\" width=\"1024\" height=\"682\" data-id=\"1223\" src=\"https:\/\/victoria.gob.ar\/prensa\/wp-content\/uploads\/2025\/06\/WhatsApp-Image-2025-06-20-at-08.52.44-1024x682.jpeg\" alt=\"\" class=\"wp-image-1223\" \/><\/figure>\n<\/figure>","protected":false},"excerpt":{"rendered":"<p>Detr\u00e1s de cada deportista victoriense hay sue\u00f1os, horas y horas de entrenamiento, constancia, disciplina y una familia que acompa\u00f1a. El jueves la Municipalidad de Victoria realiz\u00f3 el pago del bimestre junio\/julio de 16 becas deportivas municipales. Se invirti\u00f3 2.560.000 pesos en estos meses para apoyar a quienes siempre nos representan de la mejor forma. Con&hellip;&nbsp;<a href=\"https:\/\/victoria.gob.ar\/en\/becas-deportivas\/\" rel=\"bookmark\"><span class=\"screen-reader-text\">BECAS DEPORTIVAS<\/span><\/a><\/p>","protected":false},"author":2,"featured_media":2359,"comment_status":"open","ping_status":"open","sticky":false,"template":"","format":"standard","meta":{"neve_meta_sidebar":"","neve_meta_container":"","neve_meta_enable_content_width":"","neve_meta_content_width":0,"neve_meta_title_alignment":"","neve_meta_author_avatar":"","neve_post_elements_order":"","neve_meta_disable_header":"","neve_meta_disable_footer":"","neve_meta_disable_title":"","footnotes":""},"categories":[1],"tags":[],"class_list":["post-2358","post","type-post","status-publish","format-standard","has-post-thumbnail","hentry","category-sin-categoria"],"_links":{"self":[{"href":"https:\/\/victoria.gob.ar\/en\/wp-json\/wp\/v2\/posts\/2358","targetHints":{"allow":["GET"]}}],"collection":[{"href":"https:\/\/victoria.gob.ar\/en\/wp-json\/wp\/v2\/posts"}],"about":[{"href":"https:\/\/victoria.gob.ar\/en\/wp-json\/wp\/v2\/types\/post"}],"author":[{"embeddable":true,"href":"https:\/\/victoria.gob.ar\/en\/wp-json\/wp\/v2\/users\/2"}],"replies":[{"embeddable":true,"href":"https:\/\/victoria.gob.ar\/en\/wp-json\/wp\/v2\/comments?post=2358"}],"version-history":[{"count":0,"href":"https:\/\/victoria.gob.ar\/en\/wp-json\/wp\/v2\/posts\/2358\/revisions"}],"wp:featuredmedia":[{"embeddable":true,"href":"https:\/\/victoria.gob.ar\/en\/wp-json\/wp\/v2\/media\/2359"}],"wp:attachment":[{"href":"https:\/\/victoria.gob.ar\/en\/wp-json\/wp\/v2\/media?parent=2358"}],"wp:term":[{"taxonomy":"category","embeddable":true,"href":"https:\/\/victoria.gob.ar\/en\/wp-json\/wp\/v2\/categories?post=2358"},{"taxonomy":"post_tag","embeddable":true,"href":"https:\/\/victoria.gob.ar\/en\/wp-json\/wp\/v2\/tags?post=2358"}],"curies":[{"name":"wp","href":"https:\/\/api.w.org\/{rel}","templated":true}]}}