{"id":2350,"date":"2025-06-18T12:02:19","date_gmt":"2025-06-18T12:02:19","guid":{"rendered":"http:\/\/victoria.gob.ar\/es\/la-terminal-de-omnibus-ya-es-una-zona-cardioprotegida\/"},"modified":"2025-06-18T12:02:19","modified_gmt":"2025-06-18T12:02:19","slug":"la-terminal-de-omnibus-ya-es-una-zona-cardioprotegida","status":"publish","type":"post","link":"https:\/\/victoria.gob.ar\/en\/la-terminal-de-omnibus-ya-es-una-zona-cardioprotegida\/","title":{"rendered":"LA TERMINAL DE \u00d3MNIBUS YA ES UNA ZONA CARDIOPROTEGIDA"},"content":{"rendered":"<p>La Municipalidad de Victoria sigue avanzando en nuestra terminal de \u00f3mnibus. En esta ocasi\u00f3n, instal\u00f3 un Desfibrilador Externo Autom\u00e1tico (DEA), haciendo de este espacio una zona cardioprotegida.<\/p>\n<p>En este marco, este mi\u00e9rcoles 18 de junio se realizar\u00e1 una capacitaci\u00f3n sobre el uso del DEA y maniobras de Reanimaci\u00f3n Cardiopulmonar (RCP), destinada al personal que desempe\u00f1a funciones en la terminal. La actividad tambi\u00e9n est\u00e1 abierta a trabajadores de las boleter\u00edas, kioscos y taxistas que operan en la zona.<\/p>\n<figure class=\"wp-block-gallery has-nested-images columns-default is-cropped wp-block-gallery-1 is-layout-flex wp-block-gallery-is-layout-flex\">\n<figure class=\"wp-block-image size-large\"><img loading=\"lazy\" decoding=\"async\" width=\"770\" height=\"1024\" data-id=\"1205\" src=\"https:\/\/victoria.gob.ar\/prensa\/wp-content\/uploads\/2025\/06\/WhatsApp-Image-2025-06-17-at-12.58.31-1-770x1024.jpeg\" alt=\"\" class=\"wp-image-1205\" \/><\/figure>\n<figure class=\"wp-block-image size-large\"><img loading=\"lazy\" decoding=\"async\" width=\"1024\" height=\"770\" data-id=\"1206\" src=\"https:\/\/victoria.gob.ar\/prensa\/wp-content\/uploads\/2025\/06\/WhatsApp-Image-2025-06-17-at-12.58.31-1024x770.jpeg\" alt=\"\" class=\"wp-image-1206\" \/><\/figure>\n<\/figure>","protected":false},"excerpt":{"rendered":"<p>La Municipalidad de Victoria sigue avanzando en nuestra terminal de \u00f3mnibus. En esta ocasi\u00f3n, instal\u00f3 un Desfibrilador Externo Autom\u00e1tico (DEA), haciendo de este espacio una zona cardioprotegida. En este marco, este mi\u00e9rcoles 18 de junio se realizar\u00e1 una capacitaci\u00f3n sobre el uso del DEA y maniobras de Reanimaci\u00f3n Cardiopulmonar (RCP), destinada al personal que desempe\u00f1a&hellip;&nbsp;<a href=\"https:\/\/victoria.gob.ar\/en\/la-terminal-de-omnibus-ya-es-una-zona-cardioprotegida\/\" rel=\"bookmark\"><span class=\"screen-reader-text\">LA TERMINAL DE \u00d3MNIBUS YA ES UNA ZONA CARDIOPROTEGIDA<\/span><\/a><\/p>","protected":false},"author":2,"featured_media":2351,"comment_status":"open","ping_status":"open","sticky":false,"template":"","format":"standard","meta":{"neve_meta_sidebar":"","neve_meta_container":"","neve_meta_enable_content_width":"","neve_meta_content_width":0,"neve_meta_title_alignment":"","neve_meta_author_avatar":"","neve_post_elements_order":"","neve_meta_disable_header":"","neve_meta_disable_footer":"","neve_meta_disable_title":"","footnotes":""},"categories":[1],"tags":[],"class_list":["post-2350","post","type-post","status-publish","format-standard","has-post-thumbnail","hentry","category-sin-categoria"],"_links":{"self":[{"href":"https:\/\/victoria.gob.ar\/en\/wp-json\/wp\/v2\/posts\/2350","targetHints":{"allow":["GET"]}}],"collection":[{"href":"https:\/\/victoria.gob.ar\/en\/wp-json\/wp\/v2\/posts"}],"about":[{"href":"https:\/\/victoria.gob.ar\/en\/wp-json\/wp\/v2\/types\/post"}],"author":[{"embeddable":true,"href":"https:\/\/victoria.gob.ar\/en\/wp-json\/wp\/v2\/users\/2"}],"replies":[{"embeddable":true,"href":"https:\/\/victoria.gob.ar\/en\/wp-json\/wp\/v2\/comments?post=2350"}],"version-history":[{"count":0,"href":"https:\/\/victoria.gob.ar\/en\/wp-json\/wp\/v2\/posts\/2350\/revisions"}],"wp:featuredmedia":[{"embeddable":true,"href":"https:\/\/victoria.gob.ar\/en\/wp-json\/wp\/v2\/media\/2351"}],"wp:attachment":[{"href":"https:\/\/victoria.gob.ar\/en\/wp-json\/wp\/v2\/media?parent=2350"}],"wp:term":[{"taxonomy":"category","embeddable":true,"href":"https:\/\/victoria.gob.ar\/en\/wp-json\/wp\/v2\/categories?post=2350"},{"taxonomy":"post_tag","embeddable":true,"href":"https:\/\/victoria.gob.ar\/en\/wp-json\/wp\/v2\/tags?post=2350"}],"curies":[{"name":"wp","href":"https:\/\/api.w.org\/{rel}","templated":true}]}}