{"id":2267,"date":"2025-05-04T20:14:32","date_gmt":"2025-05-04T20:14:32","guid":{"rendered":"http:\/\/victoria.gob.ar\/es\/campana-gratuita-de-esterilizacion-canina-2\/"},"modified":"2025-05-04T20:14:32","modified_gmt":"2025-05-04T20:14:32","slug":"campana-gratuita-de-esterilizacion-canina-2","status":"publish","type":"post","link":"https:\/\/victoria.gob.ar\/en\/campana-gratuita-de-esterilizacion-canina-2\/","title":{"rendered":"CAMPA\u00d1A GRATUITA DE ESTERILIZACI\u00d3N CANINA"},"content":{"rendered":"<p>Hoy, la Municipalidad de Victoria utiliz\u00f3 por primera vez el Quir\u00f3fano Veterinario M\u00f3vil en la campa\u00f1a de esterilizaci\u00f3n canina sin arancel. Estuvo en <img decoding=\"async\" src=\"https:\/\/s.w.org\/images\/core\/emoji\/15.1.0\/72x72\/1f4cd.png\" alt=\"&#x1f4cd;\" class=\"wp-smiley\" \/> el Centro Deportivo y Social Malvinas Argentinas (Vicente L\u00f3pez y Marcos Paz). Ma\u00f1ana, domingo 4 de mayo, las castraciones caninas contin\u00faan en el mismo lugar a partir de las <img decoding=\"async\" src=\"https:\/\/s.w.org\/images\/core\/emoji\/15.1.0\/72x72\/231a.png\" alt=\"&#x231a;\" class=\"wp-smiley\" \/> 08:30 h.<\/p>\n<p>Con la campa\u00f1a de esta semana finalizada la municipalidad habr\u00e1 castrado 840 perros y 720 gatos desde marzo 2024.<\/p>\n<p>La tenencia responsable de mascotas es fundamental para resolver la problem\u00e1tica de la sobrepoblaci\u00f3n de caninos y felinos en las calles. Los problemas comunitarios se resuelven en comunidad y requieren del compromiso de todos.<\/p>\n<figure class=\"wp-block-gallery has-nested-images columns-default is-cropped wp-block-gallery-2 is-layout-flex wp-block-gallery-is-layout-flex\">\n<figure class=\"wp-block-image size-large\"><img decoding=\"async\" loading=\"lazy\" width=\"1024\" height=\"682\" data-id=\"1082\" src=\"https:\/\/victoria.gob.ar\/prensa\/wp-content\/uploads\/2025\/05\/WhatsApp-Image-2025-05-03-at-18.31.26-1024x682.jpeg\" alt=\"\" class=\"wp-image-1082\" \/><\/figure>\n<figure class=\"wp-block-image size-large\"><img decoding=\"async\" loading=\"lazy\" width=\"768\" height=\"1024\" data-id=\"1086\" src=\"https:\/\/victoria.gob.ar\/prensa\/wp-content\/uploads\/2025\/05\/WhatsApp-Image-2025-05-03-at-18.31.25-2-768x1024.jpeg\" alt=\"\" class=\"wp-image-1086\" \/><\/figure>\n<figure class=\"wp-block-image size-large\"><img decoding=\"async\" loading=\"lazy\" width=\"1024\" height=\"682\" data-id=\"1085\" src=\"https:\/\/victoria.gob.ar\/prensa\/wp-content\/uploads\/2025\/05\/WhatsApp-Image-2025-05-03-at-18.31.25-1-1024x682.jpeg\" alt=\"\" class=\"wp-image-1085\" \/><\/figure>\n<figure class=\"wp-block-image size-large\"><img decoding=\"async\" loading=\"lazy\" width=\"768\" height=\"1024\" data-id=\"1087\" src=\"https:\/\/victoria.gob.ar\/prensa\/wp-content\/uploads\/2025\/05\/WhatsApp-Image-2025-05-03-at-18.31.25-768x1024.jpeg\" alt=\"\" class=\"wp-image-1087\" \/><\/figure>\n<figure class=\"wp-block-image size-large\"><img decoding=\"async\" loading=\"lazy\" width=\"1024\" height=\"682\" data-id=\"1081\" src=\"https:\/\/victoria.gob.ar\/prensa\/wp-content\/uploads\/2025\/05\/WhatsApp-Image-2025-05-03-at-18.31.22-1024x682.jpeg\" alt=\"\" class=\"wp-image-1081\" \/><\/figure>\n<figure class=\"wp-block-image size-large\"><img decoding=\"async\" loading=\"lazy\" width=\"1024\" height=\"682\" data-id=\"1083\" src=\"https:\/\/victoria.gob.ar\/prensa\/wp-content\/uploads\/2025\/05\/WhatsApp-Image-2025-05-03-at-18.31.21-1024x682.jpeg\" alt=\"\" class=\"wp-image-1083\" \/><\/figure>\n<\/figure>","protected":false},"excerpt":{"rendered":"<p>Hoy, la Municipalidad de Victoria utiliz\u00f3 por primera vez el Quir\u00f3fano Veterinario M\u00f3vil en la campa\u00f1a de esterilizaci\u00f3n canina sin arancel. Estuvo en el Centro Deportivo y Social Malvinas Argentinas (Vicente L\u00f3pez y Marcos Paz). Ma\u00f1ana, domingo 4 de mayo, las castraciones caninas contin\u00faan en el mismo lugar a partir de las 08:30 h. Con&hellip;&nbsp;<a href=\"https:\/\/victoria.gob.ar\/en\/campana-gratuita-de-esterilizacion-canina-2\/\" rel=\"bookmark\"><span class=\"screen-reader-text\">CAMPA\u00d1A GRATUITA DE ESTERILIZACI\u00d3N CANINA<\/span><\/a><\/p>","protected":false},"author":2,"featured_media":2259,"comment_status":"open","ping_status":"open","sticky":false,"template":"","format":"standard","meta":{"neve_meta_sidebar":"","neve_meta_container":"","neve_meta_enable_content_width":"","neve_meta_content_width":0,"neve_meta_title_alignment":"","neve_meta_author_avatar":"","neve_post_elements_order":"","neve_meta_disable_header":"","neve_meta_disable_footer":"","neve_meta_disable_title":"","footnotes":""},"categories":[1],"tags":[],"class_list":["post-2267","post","type-post","status-publish","format-standard","has-post-thumbnail","hentry","category-sin-categoria"],"_links":{"self":[{"href":"https:\/\/victoria.gob.ar\/en\/wp-json\/wp\/v2\/posts\/2267","targetHints":{"allow":["GET"]}}],"collection":[{"href":"https:\/\/victoria.gob.ar\/en\/wp-json\/wp\/v2\/posts"}],"about":[{"href":"https:\/\/victoria.gob.ar\/en\/wp-json\/wp\/v2\/types\/post"}],"author":[{"embeddable":true,"href":"https:\/\/victoria.gob.ar\/en\/wp-json\/wp\/v2\/users\/2"}],"replies":[{"embeddable":true,"href":"https:\/\/victoria.gob.ar\/en\/wp-json\/wp\/v2\/comments?post=2267"}],"version-history":[{"count":0,"href":"https:\/\/victoria.gob.ar\/en\/wp-json\/wp\/v2\/posts\/2267\/revisions"}],"wp:featuredmedia":[{"embeddable":true,"href":"https:\/\/victoria.gob.ar\/en\/wp-json\/wp\/v2\/media\/2259"}],"wp:attachment":[{"href":"https:\/\/victoria.gob.ar\/en\/wp-json\/wp\/v2\/media?parent=2267"}],"wp:term":[{"taxonomy":"category","embeddable":true,"href":"https:\/\/victoria.gob.ar\/en\/wp-json\/wp\/v2\/categories?post=2267"},{"taxonomy":"post_tag","embeddable":true,"href":"https:\/\/victoria.gob.ar\/en\/wp-json\/wp\/v2\/tags?post=2267"}],"curies":[{"name":"wp","href":"https:\/\/api.w.org\/{rel}","templated":true}]}}