{"id":2265,"date":"2025-05-04T20:16:54","date_gmt":"2025-05-04T20:16:54","guid":{"rendered":"http:\/\/victoria.gob.ar\/es\/la-municipalidad-de-victoria-sigue-impulsando-proyectos-educativos-y-de-investigacion-junto-a-universidades\/"},"modified":"2025-05-04T20:16:54","modified_gmt":"2025-05-04T20:16:54","slug":"la-municipalidad-de-victoria-sigue-impulsando-proyectos-educativos-y-de-investigacion-junto-a-universidades","status":"publish","type":"post","link":"https:\/\/victoria.gob.ar\/en\/la-municipalidad-de-victoria-sigue-impulsando-proyectos-educativos-y-de-investigacion-junto-a-universidades\/","title":{"rendered":"LA MUNICIPALIDAD DE VICTORIA SIGUE IMPULSANDO PROYECTOS EDUCATIVOS Y DE INVESTIGACI\u00d3N JUNTO A UNIVERSIDADES"},"content":{"rendered":"<p>La semana pasada, la secretaria de Gobierno, Lucina Menescardi, firm\u00f3 un convenio marco de cooperaci\u00f3n rec\u00edproca con la Universidad de Mor\u00f3n. En este contexto, se desarrollaron actividades de investigaci\u00f3n con estudiantes de la Facultad de Arquitectura de dicha universidad y tambi\u00e9n de la Universidad Nacional de Rosario (UNR), con la cual ya exist\u00eda un convenio previo. Estos acuerdos nos permiten abrir nuevas oportunidades de investigaci\u00f3n, desarrollo y colaboraci\u00f3n para nuestra comunidad.<\/p>\n<p>A trav\u00e9s de estos v\u00ednculos se busca facilitar el acceso a servicios acad\u00e9micos, cient\u00edficos, tecnol\u00f3gicos y culturales, as\u00ed como promover el intercambio en distintas disciplinas. Integrantes de ambas universidades ya visitaron la ciudad y comenzaron a realizar investigaciones vinculadas a nuestra topograf\u00eda, caracter\u00edsticas y las construcciones en la zona costera.<\/p>\n<p>Desde la Municipalidad de Victoria sostenemos que el futuro se construye con educaci\u00f3n, di\u00e1logo y trabajo articulado.<\/p>\n<p>Victoria, #MiCiudadQuerida <img decoding=\"async\" src=\"https:\/\/s.w.org\/images\/core\/emoji\/15.1.0\/72x72\/1fa75.png\" alt=\"&#x1fa75;\" class=\"wp-smiley\" \/><\/p>\n<figure class=\"wp-block-gallery has-nested-images columns-default is-cropped wp-block-gallery-1 is-layout-flex wp-block-gallery-is-layout-flex\">\n<figure class=\"wp-block-image size-large\"><img loading=\"lazy\" decoding=\"async\" width=\"1024\" height=\"682\" data-id=\"1092\" src=\"https:\/\/victoria.gob.ar\/prensa\/wp-content\/uploads\/2025\/05\/WhatsApp-Image-2025-05-04-at-17.09.28-1024x682.jpeg\" alt=\"\" class=\"wp-image-1092\" \/><\/figure>\n<figure class=\"wp-block-image size-large\"><img loading=\"lazy\" decoding=\"async\" width=\"1024\" height=\"682\" data-id=\"1090\" src=\"https:\/\/victoria.gob.ar\/prensa\/wp-content\/uploads\/2025\/05\/WhatsApp-Image-2025-05-04-at-17.09.27-1-1024x682.jpeg\" alt=\"\" class=\"wp-image-1090\" \/><\/figure>\n<figure class=\"wp-block-image size-large\"><img loading=\"lazy\" decoding=\"async\" width=\"1024\" height=\"682\" data-id=\"1091\" src=\"https:\/\/victoria.gob.ar\/prensa\/wp-content\/uploads\/2025\/05\/WhatsApp-Image-2025-05-04-at-17.09.27-1024x682.jpeg\" alt=\"\" class=\"wp-image-1091\" \/><\/figure>\n<\/figure>","protected":false},"excerpt":{"rendered":"<p>La semana pasada, la secretaria de Gobierno, Lucina Menescardi, firm\u00f3 un convenio marco de cooperaci\u00f3n rec\u00edproca con la Universidad de Mor\u00f3n. En este contexto, se desarrollaron actividades de investigaci\u00f3n con estudiantes de la Facultad de Arquitectura de dicha universidad y tambi\u00e9n de la Universidad Nacional de Rosario (UNR), con la cual ya exist\u00eda un convenio&hellip;&nbsp;<a href=\"https:\/\/victoria.gob.ar\/en\/la-municipalidad-de-victoria-sigue-impulsando-proyectos-educativos-y-de-investigacion-junto-a-universidades\/\" rel=\"bookmark\"><span class=\"screen-reader-text\">LA MUNICIPALIDAD DE VICTORIA SIGUE IMPULSANDO PROYECTOS EDUCATIVOS Y DE INVESTIGACI\u00d3N JUNTO A UNIVERSIDADES<\/span><\/a><\/p>","protected":false},"author":2,"featured_media":2266,"comment_status":"open","ping_status":"open","sticky":false,"template":"","format":"standard","meta":{"neve_meta_sidebar":"","neve_meta_container":"","neve_meta_enable_content_width":"","neve_meta_content_width":0,"neve_meta_title_alignment":"","neve_meta_author_avatar":"","neve_post_elements_order":"","neve_meta_disable_header":"","neve_meta_disable_footer":"","neve_meta_disable_title":"","footnotes":""},"categories":[1],"tags":[],"class_list":["post-2265","post","type-post","status-publish","format-standard","has-post-thumbnail","hentry","category-sin-categoria"],"_links":{"self":[{"href":"https:\/\/victoria.gob.ar\/en\/wp-json\/wp\/v2\/posts\/2265","targetHints":{"allow":["GET"]}}],"collection":[{"href":"https:\/\/victoria.gob.ar\/en\/wp-json\/wp\/v2\/posts"}],"about":[{"href":"https:\/\/victoria.gob.ar\/en\/wp-json\/wp\/v2\/types\/post"}],"author":[{"embeddable":true,"href":"https:\/\/victoria.gob.ar\/en\/wp-json\/wp\/v2\/users\/2"}],"replies":[{"embeddable":true,"href":"https:\/\/victoria.gob.ar\/en\/wp-json\/wp\/v2\/comments?post=2265"}],"version-history":[{"count":0,"href":"https:\/\/victoria.gob.ar\/en\/wp-json\/wp\/v2\/posts\/2265\/revisions"}],"wp:featuredmedia":[{"embeddable":true,"href":"https:\/\/victoria.gob.ar\/en\/wp-json\/wp\/v2\/media\/2266"}],"wp:attachment":[{"href":"https:\/\/victoria.gob.ar\/en\/wp-json\/wp\/v2\/media?parent=2265"}],"wp:term":[{"taxonomy":"category","embeddable":true,"href":"https:\/\/victoria.gob.ar\/en\/wp-json\/wp\/v2\/categories?post=2265"},{"taxonomy":"post_tag","embeddable":true,"href":"https:\/\/victoria.gob.ar\/en\/wp-json\/wp\/v2\/tags?post=2265"}],"curies":[{"name":"wp","href":"https:\/\/api.w.org\/{rel}","templated":true}]}}