{"id":2240,"date":"2025-04-25T22:59:28","date_gmt":"2025-04-25T22:59:28","guid":{"rendered":"https:\/\/victoria.gob.ar\/es\/mas-de-300-inscriptos-contra-las-violencias-digitales\/"},"modified":"2025-04-25T22:59:28","modified_gmt":"2025-04-25T22:59:28","slug":"mas-de-300-inscriptos-contra-las-violencias-digitales","status":"publish","type":"post","link":"https:\/\/victoria.gob.ar\/en\/mas-de-300-inscriptos-contra-las-violencias-digitales\/","title":{"rendered":"M\u00c1S DE 300 INSCRIPTOS CONTRA LAS VIOLENCIAS DIGITALES"},"content":{"rendered":"<p>Desde la Municipalidad de Victoria, se siguen brindando cursos de calidad para la poblaci\u00f3n. En este sentido, se lanz\u00f3 la capacitaci\u00f3n sobre \u201cViolencias digitales entre ni\u00f1os, ni\u00f1as y adolescentes\u201d, dirigido a docentes, profesionales de la salud, tutores y toda la comunidad. \u00a1Todav\u00eda hay cupos disponibles para los encuentros virtuales restantes!<\/p>\n<p>La modalidad es semipresencial: dos clases virtuales y dos presenciales, de las cuales ayer se realiz\u00f3 la primera. Se entregan certificados de asistencia.<\/p>\n<p>Inscripciones libres y gratuitas abiertas para los conversatorios virtuales al mail: saludmdvictoria@gmail.com<\/p>\n<p>Cronograma restante<\/p>\n<p> Prevenci\u00f3n de grooming y ciberbullying<br \/> Mi\u00e9rcoles 30 de abril \u2013  19:00 h \u2013  Virtual<\/p>\n<p> Adolescencia y pantallas<br \/>Martes 6 de mayo \u2013  19:00 h \u2013  Virtual<\/p>\n<p>Violencias digitales e Inteligencia Artificial: prevenci\u00f3n y abordaje<br \/>Mi\u00e9rcoles 14 de mayo \u2013  19:00 h \u2013  Cine Teatro Victoria<\/p>\n<p>Capacitaciones a cargo de:<br \/>Luc\u00eda Faiboin \u2013 Lic. en Cs. de la Comunicaci\u00f3n (UBA)<br \/>Facundo Bianco \u2013 Director de Bienestar Digital<\/p>\n<figure class=\"wp-block-gallery has-nested-images columns-default is-cropped wp-block-gallery-1 is-layout-flex wp-block-gallery-is-layout-flex\">\n<figure class=\"wp-block-image size-large\"><img loading=\"lazy\" decoding=\"async\" width=\"1024\" height=\"682\" data-id=\"1050\" src=\"https:\/\/victoria.gob.ar\/prensa\/wp-content\/uploads\/2025\/04\/1000701562-1024x682.jpg\" alt=\"\" class=\"wp-image-1050\"\/><\/figure>\n<figure class=\"wp-block-image size-large\"><img loading=\"lazy\" decoding=\"async\" width=\"1024\" height=\"682\" data-id=\"1049\" src=\"https:\/\/victoria.gob.ar\/prensa\/wp-content\/uploads\/2025\/04\/1000701577-1024x682.jpg\" alt=\"\" class=\"wp-image-1049\"\/><\/figure>\n<figure class=\"wp-block-image size-large\"><img loading=\"lazy\" decoding=\"async\" width=\"1024\" height=\"682\" data-id=\"1048\" src=\"https:\/\/victoria.gob.ar\/prensa\/wp-content\/uploads\/2025\/04\/1000701565-1024x682.jpg\" alt=\"\" class=\"wp-image-1048\"\/><\/figure>\n<figure class=\"wp-block-image size-large\"><img decoding=\"async\" loading=\"lazy\" width=\"1024\" height=\"682\" data-id=\"1047\" src=\"https:\/\/victoria.gob.ar\/prensa\/wp-content\/uploads\/2025\/04\/1000701571-1024x682.jpg\" alt=\"\" class=\"wp-image-1047\"\/><\/figure>\n<figure class=\"wp-block-image size-large\"><img decoding=\"async\" loading=\"lazy\" width=\"1024\" height=\"682\" data-id=\"1051\" src=\"https:\/\/victoria.gob.ar\/prensa\/wp-content\/uploads\/2025\/04\/1000701574-1024x682.jpg\" alt=\"\" class=\"wp-image-1051\"\/><\/figure>\n<figure class=\"wp-block-image size-large\"><img decoding=\"async\" loading=\"lazy\" width=\"1024\" height=\"682\" data-id=\"1052\" src=\"https:\/\/victoria.gob.ar\/prensa\/wp-content\/uploads\/2025\/04\/1000701568-1024x682.jpg\" alt=\"\" class=\"wp-image-1052\"\/><\/figure>\n<\/figure>","protected":false},"excerpt":{"rendered":"<p>Desde la Municipalidad de Victoria, se siguen brindando cursos de calidad para la poblaci\u00f3n. En este sentido, se lanz\u00f3 la capacitaci\u00f3n sobre \u201cViolencias digitales entre ni\u00f1os, ni\u00f1as y adolescentes\u201d, dirigido a docentes, profesionales de la salud, tutores y toda la comunidad. \u00a1Todav\u00eda hay cupos disponibles para los encuentros virtuales restantes! La modalidad es semipresencial: dos&hellip;&nbsp;<a href=\"https:\/\/victoria.gob.ar\/en\/mas-de-300-inscriptos-contra-las-violencias-digitales\/\" rel=\"bookmark\"><span class=\"screen-reader-text\">M\u00c1S DE 300 INSCRIPTOS CONTRA LAS VIOLENCIAS DIGITALES<\/span><\/a><\/p>","protected":false},"author":2,"featured_media":2241,"comment_status":"open","ping_status":"open","sticky":false,"template":"","format":"standard","meta":{"neve_meta_sidebar":"","neve_meta_container":"","neve_meta_enable_content_width":"","neve_meta_content_width":0,"neve_meta_title_alignment":"","neve_meta_author_avatar":"","neve_post_elements_order":"","neve_meta_disable_header":"","neve_meta_disable_footer":"","neve_meta_disable_title":"","footnotes":""},"categories":[1],"tags":[],"class_list":["post-2240","post","type-post","status-publish","format-standard","has-post-thumbnail","hentry","category-sin-categoria"],"_links":{"self":[{"href":"https:\/\/victoria.gob.ar\/en\/wp-json\/wp\/v2\/posts\/2240","targetHints":{"allow":["GET"]}}],"collection":[{"href":"https:\/\/victoria.gob.ar\/en\/wp-json\/wp\/v2\/posts"}],"about":[{"href":"https:\/\/victoria.gob.ar\/en\/wp-json\/wp\/v2\/types\/post"}],"author":[{"embeddable":true,"href":"https:\/\/victoria.gob.ar\/en\/wp-json\/wp\/v2\/users\/2"}],"replies":[{"embeddable":true,"href":"https:\/\/victoria.gob.ar\/en\/wp-json\/wp\/v2\/comments?post=2240"}],"version-history":[{"count":0,"href":"https:\/\/victoria.gob.ar\/en\/wp-json\/wp\/v2\/posts\/2240\/revisions"}],"wp:featuredmedia":[{"embeddable":true,"href":"https:\/\/victoria.gob.ar\/en\/wp-json\/wp\/v2\/media\/2241"}],"wp:attachment":[{"href":"https:\/\/victoria.gob.ar\/en\/wp-json\/wp\/v2\/media?parent=2240"}],"wp:term":[{"taxonomy":"category","embeddable":true,"href":"https:\/\/victoria.gob.ar\/en\/wp-json\/wp\/v2\/categories?post=2240"},{"taxonomy":"post_tag","embeddable":true,"href":"https:\/\/victoria.gob.ar\/en\/wp-json\/wp\/v2\/tags?post=2240"}],"curies":[{"name":"wp","href":"https:\/\/api.w.org\/{rel}","templated":true}]}}