{"id":2213,"date":"2025-04-22T16:16:33","date_gmt":"2025-04-22T16:16:33","guid":{"rendered":"https:\/\/victoria.gob.ar\/es\/jornada-de-ajedrez-en-plaza-libertad\/"},"modified":"2025-04-22T16:16:33","modified_gmt":"2025-04-22T16:16:33","slug":"jornada-de-ajedrez-en-plaza-libertad","status":"publish","type":"post","link":"https:\/\/victoria.gob.ar\/en\/jornada-de-ajedrez-en-plaza-libertad\/","title":{"rendered":"JORNADA DE AJEDREZ EN PLAZA LIBERTAD"},"content":{"rendered":"<p>Ayer, vecinos de todas las edades disfrutaron de actividades al aire libre y partidas de ajedrez en Plaza Libertad organizadas por la Municipalidad de Victoria. Tambi\u00e9n, se comparti\u00f3 tiempo junto al grupo Personas Mayores en Movimiento.<\/p>\n<p>Sigamos aprovechando y cuidando nuestros espacios p\u00fablicos.<\/p>\n<p>Victoria, #MiCiudadQuerida<\/p>\n<figure class=\"wp-block-gallery has-nested-images columns-default is-cropped wp-block-gallery-1 is-layout-flex wp-block-gallery-is-layout-flex\">\n<figure class=\"wp-block-image size-large\"><img loading=\"lazy\" decoding=\"async\" width=\"1024\" height=\"682\" data-id=\"1002\" src=\"https:\/\/victoria.gob.ar\/prensa\/wp-content\/uploads\/2025\/04\/WhatsApp-Image-2025-04-22-at-13.11.04-1024x682.jpeg\" alt=\"\" class=\"wp-image-1002\"\/><\/figure>\n<figure class=\"wp-block-image size-large\"><img loading=\"lazy\" decoding=\"async\" width=\"1024\" height=\"682\" data-id=\"1001\" src=\"https:\/\/victoria.gob.ar\/prensa\/wp-content\/uploads\/2025\/04\/WhatsApp-Image-2025-04-22-at-13.11.03-1-1024x682.jpeg\" alt=\"\" class=\"wp-image-1001\"\/><\/figure>\n<figure class=\"wp-block-image size-large\"><img loading=\"lazy\" decoding=\"async\" width=\"1024\" height=\"682\" data-id=\"1000\" src=\"https:\/\/victoria.gob.ar\/prensa\/wp-content\/uploads\/2025\/04\/WhatsApp-Image-2025-04-22-at-13.11.03-1024x682.jpeg\" alt=\"\" class=\"wp-image-1000\"\/><\/figure>\n<figure class=\"wp-block-image size-large\"><img decoding=\"async\" loading=\"lazy\" width=\"1024\" height=\"682\" data-id=\"999\" src=\"https:\/\/victoria.gob.ar\/prensa\/wp-content\/uploads\/2025\/04\/WhatsApp-Image-2025-04-22-at-13.11.02-1-1024x682.jpeg\" alt=\"\" class=\"wp-image-999\"\/><\/figure>\n<figure class=\"wp-block-image size-large\"><img decoding=\"async\" loading=\"lazy\" width=\"1024\" height=\"682\" data-id=\"998\" src=\"https:\/\/victoria.gob.ar\/prensa\/wp-content\/uploads\/2025\/04\/WhatsApp-Image-2025-04-22-at-13.11.02-1024x682.jpeg\" alt=\"\" class=\"wp-image-998\"\/><\/figure>\n<figure class=\"wp-block-image size-large\"><img decoding=\"async\" loading=\"lazy\" width=\"1024\" height=\"682\" data-id=\"997\" src=\"https:\/\/victoria.gob.ar\/prensa\/wp-content\/uploads\/2025\/04\/WhatsApp-Image-2025-04-22-at-13.11.01-1024x682.jpeg\" alt=\"\" class=\"wp-image-997\"\/><\/figure>\n<\/figure>","protected":false},"excerpt":{"rendered":"<p>Ayer, vecinos de todas las edades disfrutaron de actividades al aire libre y partidas de ajedrez en Plaza Libertad organizadas por la Municipalidad de Victoria. Tambi\u00e9n, se comparti\u00f3 tiempo junto al grupo Personas Mayores en Movimiento. Sigamos aprovechando y cuidando nuestros espacios p\u00fablicos. Victoria, #MiCiudadQuerida<\/p>","protected":false},"author":2,"featured_media":2214,"comment_status":"open","ping_status":"open","sticky":false,"template":"","format":"standard","meta":{"neve_meta_sidebar":"","neve_meta_container":"","neve_meta_enable_content_width":"","neve_meta_content_width":0,"neve_meta_title_alignment":"","neve_meta_author_avatar":"","neve_post_elements_order":"","neve_meta_disable_header":"","neve_meta_disable_footer":"","neve_meta_disable_title":"","footnotes":""},"categories":[1],"tags":[],"class_list":["post-2213","post","type-post","status-publish","format-standard","has-post-thumbnail","hentry","category-sin-categoria"],"_links":{"self":[{"href":"https:\/\/victoria.gob.ar\/en\/wp-json\/wp\/v2\/posts\/2213","targetHints":{"allow":["GET"]}}],"collection":[{"href":"https:\/\/victoria.gob.ar\/en\/wp-json\/wp\/v2\/posts"}],"about":[{"href":"https:\/\/victoria.gob.ar\/en\/wp-json\/wp\/v2\/types\/post"}],"author":[{"embeddable":true,"href":"https:\/\/victoria.gob.ar\/en\/wp-json\/wp\/v2\/users\/2"}],"replies":[{"embeddable":true,"href":"https:\/\/victoria.gob.ar\/en\/wp-json\/wp\/v2\/comments?post=2213"}],"version-history":[{"count":0,"href":"https:\/\/victoria.gob.ar\/en\/wp-json\/wp\/v2\/posts\/2213\/revisions"}],"wp:featuredmedia":[{"embeddable":true,"href":"https:\/\/victoria.gob.ar\/en\/wp-json\/wp\/v2\/media\/2214"}],"wp:attachment":[{"href":"https:\/\/victoria.gob.ar\/en\/wp-json\/wp\/v2\/media?parent=2213"}],"wp:term":[{"taxonomy":"category","embeddable":true,"href":"https:\/\/victoria.gob.ar\/en\/wp-json\/wp\/v2\/categories?post=2213"},{"taxonomy":"post_tag","embeddable":true,"href":"https:\/\/victoria.gob.ar\/en\/wp-json\/wp\/v2\/tags?post=2213"}],"curies":[{"name":"wp","href":"https:\/\/api.w.org\/{rel}","templated":true}]}}